{"id":869,"date":"2023-05-15T14:04:00","date_gmt":"2023-05-15T12:04:00","guid":{"rendered":"https:\/\/quatronum.pl\/pp\/?p=869"},"modified":"2023-09-22T14:13:56","modified_gmt":"2023-09-22T12:13:56","slug":"radio-katowice","status":"publish","type":"post","link":"https:\/\/quatronum.pl\/pp\/radio-katowice\/","title":{"rendered":"O projekcie w Radio Katowice"},"content":{"rendered":"\t\t<div data-elementor-type=\"wp-post\" data-elementor-id=\"869\" class=\"elementor elementor-869\" data-elementor-post-type=\"post\">\n\t\t\t\t\t\t<section class=\"elementor-section elementor-top-section elementor-element elementor-element-36934ba1 elementor-section-boxed elementor-section-height-default elementor-section-height-default\" data-id=\"36934ba1\" data-element_type=\"section\">\n\t\t\t\t\t\t<div class=\"elementor-container elementor-column-gap-default\">\n\t\t\t\t\t<div class=\"elementor-column elementor-col-100 elementor-top-column elementor-element elementor-element-45a7e778\" data-id=\"45a7e778\" data-element_type=\"column\">\n\t\t\t<div class=\"elementor-widget-wrap elementor-element-populated\">\n\t\t\t\t\t\t<div class=\"elementor-element elementor-element-3ad8ece8 elementor-widget elementor-widget-text-editor\" data-id=\"3ad8ece8\" data-element_type=\"widget\" data-widget_type=\"text-editor.default\">\n\t\t\t\t<div class=\"elementor-widget-container\">\n\t\t\t\t\t\t\t\t\t<div dir=\"auto\" style=\"font-family: system-ui, -apple-system, 'system-ui', '.SFNSText-Regular', sans-serif; color: #050505; font-size: 15px; white-space: pre-wrap;\">Debiutujemy z naszym projektem <a href=\"https:\/\/www.facebook.com\/profile.php?id=61550872386783&amp;locale=pl_PL\">&#8222;Poczuj, \u017ceby zrozumie\u0107&#8221;<\/a> w audycji <a href=\"https:\/\/www.facebook.com\/beata.tomanek.52\">Beaty Tomanek<\/a> &#8222;Gdzie\u015b obok nas&#8221; w <a href=\"https:\/\/www.radio.katowice.pl\/\">Radio Katowice<\/a>. <a href=\"https:\/\/www.facebook.com\/agnieszka.rz.71\">Agnieszka Rzepecka<\/a> z <a href=\"https:\/\/mocnirazem.org\/\">Stowarzyszenia &#8222;Mocni Razem&#8221;<\/a> i <a href=\"https:\/\/www.facebook.com\/dariusz.maliszewski.37\">Dariusz Maliszewski<\/a> z <a href=\"https:\/\/quatronum.pl\/fq\/\">&#8222;Fundacji Quatronum&#8221;<\/a> opowiedzieli o za\u0142o\u017ceniach i planach rozwoju projektu.<\/div><div dir=\"auto\" style=\"font-family: system-ui, -apple-system, 'system-ui', '.SFNSText-Regular', sans-serif; color: #050505; font-size: 15px; white-space: pre-wrap;\">Poruszone zosta\u0142y tematy edukacji i poradnictwa na temat problem\u00f3w os\u00f3b niepe\u0142nosprawnych, oraz ludzi zagro\u017conych wykluczeniem spo\u0142ecznym.<\/div><div dir=\"auto\" style=\"font-family: system-ui, -apple-system, 'system-ui', '.SFNSText-Regular', sans-serif; color: #050505; font-size: 15px; white-space: pre-wrap;\">\u00a0<\/div>\t\t\t\t\t\t\t\t<\/div>\n\t\t\t\t<\/div>\n\t\t\t\t\t<\/div>\n\t\t<\/div>\n\t\t\t\t\t<\/div>\n\t\t<\/section>\n\t\t\t\t<section class=\"elementor-section elementor-top-section elementor-element elementor-element-37232ca elementor-section-boxed elementor-section-height-default elementor-section-height-default\" data-id=\"37232ca\" data-element_type=\"section\">\n\t\t\t\t\t\t<div class=\"elementor-container elementor-column-gap-default\">\n\t\t\t\t\t<div class=\"elementor-column elementor-col-100 elementor-top-column elementor-element elementor-element-42f337e\" data-id=\"42f337e\" data-element_type=\"column\">\n\t\t\t<div class=\"elementor-widget-wrap elementor-element-populated\">\n\t\t\t\t\t\t<div class=\"elementor-element elementor-element-00f01bf elementor-widget elementor-widget-gallery\" data-id=\"00f01bf\" data-element_type=\"widget\" data-settings=\"{&quot;gallery_layout&quot;:&quot;justified&quot;,&quot;lazyload&quot;:&quot;yes&quot;,&quot;ideal_row_height&quot;:{&quot;unit&quot;:&quot;px&quot;,&quot;size&quot;:200,&quot;sizes&quot;:[]},&quot;ideal_row_height_tablet&quot;:{&quot;unit&quot;:&quot;px&quot;,&quot;size&quot;:150,&quot;sizes&quot;:[]},&quot;ideal_row_height_mobile&quot;:{&quot;unit&quot;:&quot;px&quot;,&quot;size&quot;:150,&quot;sizes&quot;:[]},&quot;gap&quot;:{&quot;unit&quot;:&quot;px&quot;,&quot;size&quot;:10,&quot;sizes&quot;:[]},&quot;gap_tablet&quot;:{&quot;unit&quot;:&quot;px&quot;,&quot;size&quot;:10,&quot;sizes&quot;:[]},&quot;gap_mobile&quot;:{&quot;unit&quot;:&quot;px&quot;,&quot;size&quot;:10,&quot;sizes&quot;:[]},&quot;link_to&quot;:&quot;file&quot;,&quot;overlay_background&quot;:&quot;yes&quot;,&quot;content_hover_animation&quot;:&quot;fade-in&quot;}\" data-widget_type=\"gallery.default\">\n\t\t\t\t<div class=\"elementor-widget-container\">\n\t\t\t\t\t\t\t<div class=\"elementor-gallery__container\">\n\t\t\t\t\t\t\t<a class=\"e-gallery-item elementor-gallery-item elementor-animated-content\" href=\"https:\/\/quatronum.pl\/pp\/wp-content\/uploads\/2023\/09\/346285472_2116303108574583_1029259684934849174_n.jpg\" data-elementor-open-lightbox=\"yes\" data-elementor-lightbox-slideshow=\"00f01bf\" data-elementor-lightbox-title=\"346285472_2116303108574583_1029259684934849174_n\" data-e-action-hash=\"#elementor-action%3Aaction%3Dlightbox%26settings%3DeyJpZCI6ODcxLCJ1cmwiOiJodHRwczpcL1wvcXVhdHJvbnVtLnBsXC9wcFwvd3AtY29udGVudFwvdXBsb2Fkc1wvMjAyM1wvMDlcLzM0NjI4NTQ3Ml8yMTE2MzAzMTA4NTc0NTgzXzEwMjkyNTk2ODQ5MzQ4NDkxNzRfbi5qcGciLCJzbGlkZXNob3ciOiIwMGYwMWJmIn0%3D\">\n\t\t\t\t\t<div class=\"e-gallery-image elementor-gallery-item__image\" data-thumbnail=\"https:\/\/quatronum.pl\/pp\/wp-content\/uploads\/2023\/09\/346285472_2116303108574583_1029259684934849174_n-150x150.jpg\" data-width=\"150\" data-height=\"150\" aria-label=\"\" role=\"img\" ><\/div>\n\t\t\t\t\t\t\t\t\t\t\t<div class=\"elementor-gallery-item__overlay\"><\/div>\n\t\t\t\t\t\t\t\t\t\t\t\t\t\t<\/a>\n\t\t\t\t\t<\/div>\n\t\t\t\t\t<\/div>\n\t\t\t\t<\/div>\n\t\t\t\t\t<\/div>\n\t\t<\/div>\n\t\t\t\t\t<\/div>\n\t\t<\/section>\n\t\t\t\t<\/div>\n\t\t","protected":false},"excerpt":{"rendered":"<p>Debiutujemy z naszym projektem &#8222;Poczuj, \u017ceby zrozumie\u0107&#8221; w audycji Beaty Tomanek &#8222;Gdzie\u015b obok nas&#8221; w Radio Katowice. Agnieszka Rzepecka z Stowarzyszenia &#8222;Mocni Razem&#8221; i Dariusz Maliszewski z &#8222;Fundacji Quatronum&#8221; opowiedzieli o za\u0142o\u017ceniach i planach rozwoju projektu.Poruszone zosta\u0142y tematy edukacji i poradnictwa na temat problem\u00f3w os\u00f3b niepe\u0142nosprawnych, oraz ludzi zagro\u017conych wykluczeniem spo\u0142ecznym.\u00a0<\/p>\n","protected":false},"author":2,"featured_media":871,"comment_status":"closed","ping_status":"closed","sticky":false,"template":"","format":"standard","meta":{"neve_meta_sidebar":"","neve_meta_container":"","neve_meta_enable_content_width":"","neve_meta_content_width":0,"neve_meta_title_alignment":"","neve_meta_author_avatar":"","neve_post_elements_order":"","neve_meta_disable_header":"","neve_meta_disable_footer":"","neve_meta_disable_title":"","footnotes":""},"categories":[1],"tags":[],"class_list":["post-869","post","type-post","status-publish","format-standard","has-post-thumbnail","hentry","category-bez-kategorii"],"_links":{"self":[{"href":"https:\/\/quatronum.pl\/pp\/wp-json\/wp\/v2\/posts\/869","targetHints":{"allow":["GET"]}}],"collection":[{"href":"https:\/\/quatronum.pl\/pp\/wp-json\/wp\/v2\/posts"}],"about":[{"href":"https:\/\/quatronum.pl\/pp\/wp-json\/wp\/v2\/types\/post"}],"author":[{"embeddable":true,"href":"https:\/\/quatronum.pl\/pp\/wp-json\/wp\/v2\/users\/2"}],"replies":[{"embeddable":true,"href":"https:\/\/quatronum.pl\/pp\/wp-json\/wp\/v2\/comments?post=869"}],"version-history":[{"count":8,"href":"https:\/\/quatronum.pl\/pp\/wp-json\/wp\/v2\/posts\/869\/revisions"}],"predecessor-version":[{"id":880,"href":"https:\/\/quatronum.pl\/pp\/wp-json\/wp\/v2\/posts\/869\/revisions\/880"}],"wp:featuredmedia":[{"embeddable":true,"href":"https:\/\/quatronum.pl\/pp\/wp-json\/wp\/v2\/media\/871"}],"wp:attachment":[{"href":"https:\/\/quatronum.pl\/pp\/wp-json\/wp\/v2\/media?parent=869"}],"wp:term":[{"taxonomy":"category","embeddable":true,"href":"https:\/\/quatronum.pl\/pp\/wp-json\/wp\/v2\/categories?post=869"},{"taxonomy":"post_tag","embeddable":true,"href":"https:\/\/quatronum.pl\/pp\/wp-json\/wp\/v2\/tags?post=869"}],"curies":[{"name":"wp","href":"https:\/\/api.w.org\/{rel}","templated":true}]}}