{"id":84499,"date":"2025-09-03T10:43:14","date_gmt":"2025-09-03T08:43:14","guid":{"rendered":"https:\/\/quatronum.pl\/pp\/?p=84499"},"modified":"2025-09-03T10:52:25","modified_gmt":"2025-09-03T08:52:25","slug":"iii-konferencja-poczuj-zeby-zrozumiec","status":"publish","type":"post","link":"https:\/\/quatronum.pl\/pp\/iii-konferencja-poczuj-zeby-zrozumiec\/","title":{"rendered":"III Konferencja &#8222;Poczuj, \u017ceby zrozumie\u0107&#8221;"},"content":{"rendered":"\t\t<div data-elementor-type=\"wp-post\" data-elementor-id=\"84499\" class=\"elementor elementor-84499\" data-elementor-post-type=\"post\">\n\t\t\t\t\t\t<section class=\"elementor-section elementor-top-section elementor-element elementor-element-770a73c elementor-section-boxed elementor-section-height-default elementor-section-height-default\" data-id=\"770a73c\" data-element_type=\"section\">\n\t\t\t\t\t\t<div class=\"elementor-container elementor-column-gap-default\">\n\t\t\t\t\t<div class=\"elementor-column elementor-col-50 elementor-top-column elementor-element elementor-element-0a06168\" data-id=\"0a06168\" data-element_type=\"column\">\n\t\t\t<div class=\"elementor-widget-wrap elementor-element-populated\">\n\t\t\t\t\t\t<div class=\"elementor-element elementor-element-1e2271c elementor-widget elementor-widget-text-editor\" data-id=\"1e2271c\" data-element_type=\"widget\" data-widget_type=\"text-editor.default\">\n\t\t\t\t<div class=\"elementor-widget-container\">\n\t\t\t\t\t\t\t\t\t<p class=\"cvGsUA direction-ltr align-start para-style-body\"><strong><span class=\"a_GcMg font-feature-liga-off font-feature-clig-off font-feature-calt-off text-decoration-none text-strikethrough-none\">III \u015al\u0105ska Konferencja \u201ePoczuj, \u017ceby zrozumie\u0107<\/span><span class=\"a_GcMg font-feature-liga-off font-feature-clig-off font-feature-calt-off text-decoration-none text-strikethrough-none\"> \u2013 Transformacja pokole\u0144 \u2013 od poznawania do zrozumienia \u201d<br \/><\/span><\/strong><span class=\"a_GcMg font-feature-liga-off font-feature-clig-off font-feature-calt-off text-decoration-none text-strikethrough-none\">odb\u0119dzie si\u0119 <\/span><strong><span class=\"a_GcMg font-feature-liga-off font-feature-clig-off font-feature-calt-off text-decoration-none text-strikethrough-none\">20 X 2025<\/span><\/strong><span class=\"a_GcMg font-feature-liga-off font-feature-clig-off font-feature-calt-off text-decoration-none text-strikethrough-none\"> w godzinach 09:30 \u2013 14:00 i jest kierowana do:<\/span><\/p><ul><li><span class=\"a_GcMg font-feature-liga-off font-feature-clig-off font-feature-calt-off text-decoration-none text-strikethrough-none\">w\u0142adz miasta,<\/span><\/li><li><span class=\"a_GcMg font-feature-liga-off font-feature-clig-off font-feature-calt-off text-decoration-none text-strikethrough-none\">naczelnik\u00f3w wydzia\u0142\u00f3w edukacji,<\/span><\/li><li><span class=\"a_GcMg font-feature-liga-off font-feature-clig-off font-feature-calt-off text-decoration-none text-strikethrough-none\">wydzia\u0142\u00f3w zdrowia,<\/span><\/li><li><span class=\"a_GcMg font-feature-liga-off font-feature-clig-off font-feature-calt-off text-decoration-none text-strikethrough-none\">dyrektor\u00f3w szk\u00f3\u0142,<\/span><\/li><li><span class=\"a_GcMg font-feature-liga-off font-feature-clig-off font-feature-calt-off text-decoration-none text-strikethrough-none\">dom\u00f3w kultury,<\/span><\/li><li><span class=\"a_GcMg font-feature-liga-off font-feature-clig-off font-feature-calt-off text-decoration-none text-strikethrough-none\">pomocy spo\u0142ecznej i innych podmiot\u00f3w pa\u0144stwowych.<\/span><\/li><\/ul><p class=\"cvGsUA direction-ltr align-start para-style-body\"><strong><span class=\"a_GcMg font-feature-liga-off font-feature-clig-off font-feature-calt-off text-decoration-none text-strikethrough-none\">Tegoroczna edycja konferencji organizowana jest we wsp\u00f3\u0142pracy z:<\/span><\/strong><\/p><ul><li><span class=\"a_GcMg font-feature-liga-off font-feature-clig-off font-feature-calt-off text-decoration-none text-strikethrough-none\">Muzeum \u015al\u0105skim,<\/span><\/li><li><span class=\"a_GcMg font-feature-liga-off font-feature-clig-off font-feature-calt-off text-decoration-none text-strikethrough-none\">Regionalnym O\u015brodkiem Polityki Spo\u0142ecznej Wojew\u00f3dztwa \u015al\u0105skiego,<\/span><\/li><li><span class=\"a_GcMg font-feature-liga-off font-feature-clig-off font-feature-calt-off text-decoration-none text-strikethrough-none\">O\u015brodkiem Doskonalenia Nauczycieli \u201eMetis\u201d,<\/span><\/li><li><span class=\"a_GcMg font-feature-liga-off font-feature-clig-off font-feature-calt-off text-decoration-none text-strikethrough-none\">miastem Katowice,<\/span><\/li><li><span class=\"a_GcMg font-feature-liga-off font-feature-clig-off font-feature-calt-off text-decoration-none text-strikethrough-none\">CBZC Centralnym Biurem Zwalczania Cyberprzest\u0119pczo\u015bci.<\/span><\/li><li><span class=\"a_GcMg font-feature-liga-off font-feature-clig-off font-feature-calt-off text-decoration-none text-strikethrough-none\">Uniwersytetem \u015al\u0105skim oraz \u015al\u0105sk\u0105 Rad\u0105 Senior\u00f3w.<br \/><br \/><\/span><span class=\"a_GcMg font-feature-liga-off font-feature-clig-off font-feature-calt-off text-decoration-none text-strikethrough-none\">Patronat Honorowy nad konferencj\u0105 obj\u0119li:<\/span><ul><li><strong><span class=\"a_GcMg font-feature-liga-off font-feature-clig-off font-feature-calt-off text-decoration-none text-strikethrough-none\">Pan <\/span><span class=\"a_GcMg font-feature-liga-off font-feature-clig-off font-feature-calt-off text-decoration-none text-strikethrough-none\">Wojciech Sau\u0142ga<\/span><\/strong><span class=\"a_GcMg font-feature-liga-off font-feature-clig-off font-feature-calt-off text-decoration-none text-strikethrough-none\"> \u2013 Marsza\u0142ek Wojew\u00f3dztwa \u015al\u0105skiego,<\/span><\/li><li><strong><span class=\"a_GcMg font-feature-liga-off font-feature-clig-off font-feature-calt-off text-decoration-none text-strikethrough-none\">Pan <\/span><span class=\"a_GcMg font-feature-liga-off font-feature-clig-off font-feature-calt-off text-decoration-none text-strikethrough-none\">Marek W\u00f3jcik<\/span><\/strong><span class=\"a_GcMg font-feature-liga-off font-feature-clig-off font-feature-calt-off text-decoration-none text-strikethrough-none\">\u2013 Wojewoda \u015al\u0105ski,<\/span><\/li><li><span class=\"a_GcMg font-feature-liga-off font-feature-clig-off font-feature-calt-off text-decoration-none text-strikethrough-none\">Prezydent Miasta Katowice pan <\/span><strong><span class=\"a_GcMg font-feature-liga-off font-feature-clig-off font-feature-calt-off text-decoration-none text-strikethrough-none\">Marcin Krupa<\/span><\/strong><span class=\"a_GcMg font-feature-liga-off font-feature-clig-off font-feature-calt-off text-decoration-none text-strikethrough-none\"><strong>.<\/strong><br \/><\/span><p class=\"cvGsUA direction-ltr align-start para-style-body\"><span class=\"a_GcMg font-feature-liga-off font-feature-clig-off font-feature-calt-off text-decoration-none text-strikethrough-none\">Konferencja stanowi\u0107 b\u0119dzie przestrze\u0144 do merytorycznej refleksji i wymiany do\u015bwiadcze\u0144 w obszarze wspierania os\u00f3b starszych oraz budowania spo\u0142ecze\u0144stwa solidarnego mi\u0119dzypokoleniowo.<\/span><span class=\"a_GcMg font-feature-liga-off font-feature-clig-off font-feature-calt-off text-decoration-none text-strikethrough-none\">Jej g\u0142\u00f3wnym celem jest podniesienie \u015bwiadomo\u015bci spo\u0142ecznej na temat wyzwa\u0144 zwi\u0105zanych z d\u0142ugowieczno\u015bci\u0105 oraz uwra\u017cliwienie opinii publicznej, zw\u0142aszcza m\u0142odszych pokole\u0144, na potrzeby senior\u00f3w i os\u00f3b <\/span><span class=\"a_GcMg font-feature-liga-off font-feature-clig-off font-feature-calt-off text-decoration-none text-strikethrough-none\">z niepe\u0142nosprawno\u015bciami.<\/span><\/p><p class=\"cvGsUA direction-ltr align-start para-style-body\"><strong><span class=\"a_GcMg font-feature-liga-off font-feature-clig-off font-feature-calt-off text-decoration-none text-strikethrough-none\">Szczeg\u00f3ln\u0105 warto\u015bci\u0105 konferencji b\u0119dzie wspieranie wsp\u00f3\u0142pracy mi\u0119dzysektorowej.<\/span><\/strong><\/p><p class=\"cvGsUA direction-ltr align-start para-style-body\"><span class=\"a_GcMg font-feature-liga-off font-feature-clig-off font-feature-calt-off text-decoration-none text-strikethrough-none\">Spotkanie umo\u017cliwi zacie\u015bnienie relacji i nawi\u0105zanie nowych partnerstw pomi\u0119dzy przedstawicielami r\u00f3\u017cnych \u015brodowisk: administracji publicznej, trzeciego sektora, edukacji, kultury i s\u0142u\u017cby zdrowia<\/span><span class=\"a_GcMg font-feature-liga-off font-feature-clig-off font-feature-calt-off text-decoration-none text-strikethrough-none\">\u2013 co w efekcie sprzyja\u0107 b\u0119dzie tworzeniu otwartego i dost\u0119pnego \u015brodowiska dla os\u00f3b starszych.<\/span><\/p><p class=\"cvGsUA direction-ltr align-start para-style-body\"><span class=\"a_GcMg font-feature-liga-off font-feature-clig-off font-feature-calt-off text-decoration-none text-strikethrough-none\">Prelegenci:<\/span><\/p><ul><li><span class=\"a_GcMg font-feature-liga-off font-feature-clig-off font-feature-calt-off text-decoration-none text-strikethrough-none\">dr <\/span><span class=\"a_GcMg font-feature-liga-off font-feature-clig-off font-feature-calt-off text-decoration-none text-strikethrough-none\">Anna Zasada \u2013 Chorab<\/span><span class=\"a_GcMg font-feature-liga-off font-feature-clig-off font-feature-calt-off text-decoration-none text-strikethrough-none\"> \u2013 Dyrektor Regionalnego O\u015brodka Polityki Spo\u0142ecznej Wojew\u00f3dztwa<\/span> <span class=\"a_GcMg font-feature-liga-off font-feature-clig-off font-feature-calt-off text-decoration-none text-strikethrough-none\">\u015al\u0105skiego,<\/span><\/li><li><span class=\"a_GcMg font-feature-liga-off font-feature-clig-off font-feature-calt-off text-decoration-none text-strikethrough-none\">dr <\/span><span class=\"a_GcMg font-feature-liga-off font-feature-clig-off font-feature-calt-off text-decoration-none text-strikethrough-none\">Wies\u0142awa Walkowska <\/span><span class=\"a_GcMg font-feature-liga-off font-feature-clig-off font-feature-calt-off text-decoration-none text-strikethrough-none\">-Przewodnicz\u0105ca \u015al\u0105skiej Rady Senior\u00f3w<\/span><\/li><li><span class=\"a_GcMg font-feature-liga-off font-feature-clig-off font-feature-calt-off text-decoration-none text-strikethrough-none\">dr <\/span><span class=\"a_GcMg font-feature-liga-off font-feature-clig-off font-feature-calt-off text-decoration-none text-strikethrough-none\">Iwona Wendre\u0144ska <\/span><span class=\"a_GcMg font-feature-liga-off font-feature-clig-off font-feature-calt-off text-decoration-none text-strikethrough-none\">\u2013 Uniwersytet \u015al\u0105ski<\/span><\/li><li><span class=\"a_GcMg font-feature-liga-off font-feature-clig-off font-feature-calt-off text-decoration-none text-strikethrough-none\">dr <\/span><span class=\"a_GcMg font-feature-liga-off font-feature-clig-off font-feature-calt-off text-decoration-none text-strikethrough-none\">Urszula K\u0142osi\u0144ska<\/span><span class=\"a_GcMg font-feature-liga-off font-feature-clig-off font-feature-calt-off text-decoration-none text-strikethrough-none\"> SWPS<\/span><\/li><li><span class=\"a_GcMg font-feature-liga-off font-feature-clig-off font-feature-calt-off text-decoration-none text-strikethrough-none\">dr <\/span><span class=\"a_GcMg font-feature-liga-off font-feature-clig-off font-feature-calt-off text-decoration-none text-strikethrough-none\">Wojciech Korchut <\/span><span class=\"a_GcMg font-feature-liga-off font-feature-clig-off font-feature-calt-off text-decoration-none text-strikethrough-none\">SWPS<\/span><\/li><li><span class=\"a_GcMg font-feature-liga-off font-feature-clig-off font-feature-calt-off text-decoration-none text-strikethrough-none\">mgr <\/span><span class=\"a_GcMg font-feature-liga-off font-feature-clig-off font-feature-calt-off text-decoration-none text-strikethrough-none\">Ewa Kustwan Mr\u00f3z<\/span><span class=\"a_GcMg font-feature-liga-off font-feature-clig-off font-feature-calt-off text-decoration-none text-strikethrough-none\"> \u2013 Metis<\/span><\/li><li><span class=\"a_GcMg font-feature-liga-off font-feature-clig-off font-feature-calt-off text-decoration-none text-strikethrough-none\">mgr <\/span><span class=\"a_GcMg font-feature-liga-off font-feature-clig-off font-feature-calt-off text-decoration-none text-strikethrough-none\">Sylwia Korzon<\/span><span class=\"a_GcMg font-feature-liga-off font-feature-clig-off font-feature-calt-off text-decoration-none text-strikethrough-none\"> \u2013 Uniwersytet \u015al\u0105ski<\/span><\/li><li><span class=\"a_GcMg font-feature-liga-off font-feature-clig-off font-feature-calt-off text-decoration-none text-strikethrough-none\">mgr<\/span><span class=\"a_GcMg font-feature-liga-off font-feature-clig-off font-feature-calt-off text-decoration-none text-strikethrough-none\"> Beata Tomanek<\/span><span class=\"a_GcMg font-feature-liga-off font-feature-clig-off font-feature-calt-off text-decoration-none text-strikethrough-none\"> -Radio Katowice<\/span><\/li><li><span class=\"a_GcMg font-feature-liga-off font-feature-clig-off font-feature-calt-off text-decoration-none text-strikethrough-none\">Prof. <\/span><span class=\"a_GcMg font-feature-liga-off font-feature-clig-off font-feature-calt-off text-decoration-none text-strikethrough-none\">Aldona Fr\u0105czkiewicz<\/span><span class=\"a_GcMg font-feature-liga-off font-feature-clig-off font-feature-calt-off text-decoration-none text-strikethrough-none\">\u2013 Uniwersytet Ekonomiczny w Katowicach<\/span><\/li><\/ul><\/li><\/ul><\/li><\/ul>\t\t\t\t\t\t\t\t<\/div>\n\t\t\t\t<\/div>\n\t\t\t\t\t<\/div>\n\t\t<\/div>\n\t\t\t\t<div class=\"elementor-column elementor-col-50 elementor-top-column elementor-element elementor-element-f132dfc\" data-id=\"f132dfc\" data-element_type=\"column\">\n\t\t\t<div class=\"elementor-widget-wrap elementor-element-populated\">\n\t\t\t\t\t\t<div class=\"elementor-element elementor-element-e51d22a elementor-widget elementor-widget-image\" data-id=\"e51d22a\" data-element_type=\"widget\" data-widget_type=\"image.default\">\n\t\t\t\t<div class=\"elementor-widget-container\">\n\t\t\t\t\t\t\t\t\t\t\t\t\t\t\t<img fetchpriority=\"high\" decoding=\"async\" width=\"442\" height=\"1024\" src=\"https:\/\/quatronum.pl\/pp\/wp-content\/uploads\/2025\/09\/www-konf-442x1024.png\" class=\"attachment-large size-large wp-image-84505\" alt=\"\" srcset=\"https:\/\/quatronum.pl\/pp\/wp-content\/uploads\/2025\/09\/www-konf-442x1024.png 442w, https:\/\/quatronum.pl\/pp\/wp-content\/uploads\/2025\/09\/www-konf-130x300.png 130w, https:\/\/quatronum.pl\/pp\/wp-content\/uploads\/2025\/09\/www-konf-768x1778.png 768w, https:\/\/quatronum.pl\/pp\/wp-content\/uploads\/2025\/09\/www-konf-885x2048.png 885w, https:\/\/quatronum.pl\/pp\/wp-content\/uploads\/2025\/09\/www-konf.png 1080w\" sizes=\"(max-width: 442px) 100vw, 442px\" \/>\t\t\t\t\t\t\t\t\t\t\t\t\t\t\t<\/div>\n\t\t\t\t<\/div>\n\t\t\t\t\t<\/div>\n\t\t<\/div>\n\t\t\t\t\t<\/div>\n\t\t<\/section>\n\t\t\t\t<section class=\"elementor-section elementor-top-section elementor-element elementor-element-0f44954 elementor-section-boxed elementor-section-height-default elementor-section-height-default\" data-id=\"0f44954\" data-element_type=\"section\">\n\t\t\t\t\t\t<div class=\"elementor-container elementor-column-gap-default\">\n\t\t\t\t\t<div class=\"elementor-column elementor-col-100 elementor-top-column elementor-element elementor-element-9f4522d\" data-id=\"9f4522d\" data-element_type=\"column\">\n\t\t\t<div class=\"elementor-widget-wrap elementor-element-populated\">\n\t\t\t\t\t\t<div class=\"elementor-element elementor-element-6e96c1a elementor-widget elementor-widget-text-editor\" data-id=\"6e96c1a\" data-element_type=\"widget\" data-widget_type=\"text-editor.default\">\n\t\t\t\t<div class=\"elementor-widget-container\">\n\t\t\t\t\t\t\t\t\t<p><a href=\"https:\/\/us.edu.pl\/\" target=\"_blank\" rel=\"noopener\">Partnerzy projektu<\/a> :<\/p><div><div dir=\"auto\"><a href=\"https:\/\/www.facebook.com\/MyWayyyMW\">My Wayyy<\/a>,\u00a0<a href=\"https:\/\/wiener.pl\/\" target=\"_blank\" rel=\"noopener\">Wiener TU S.A.<\/a>\u00a0,\u00a0<a href=\"https:\/\/quatronum.pl\/\" target=\"_blank\" rel=\"noopener\">Quatronum<\/a>\u00a0,\u00a0<a href=\"http:\/\/qubusgroup.com.pl\" target=\"_blank\" rel=\"noopener\">Qubus Group sp. z o.o.<\/a>\u00a0<a href=\"https:\/\/www.ftl.pl\/\">Kancelaria FTL D\u0142ugosz Stolarski,<\/a><\/div><div dir=\"auto\">\u00a0<a href=\"https:\/\/pizzeriaubatmana.pl\/\">Pizzeria u BATMANA<\/a> oraz <a href=\"https:\/\/ziaja.com\/\">firma Ziaja.<\/a><\/div><\/div>\t\t\t\t\t\t\t\t<\/div>\n\t\t\t\t<\/div>\n\t\t\t\t\t<\/div>\n\t\t<\/div>\n\t\t\t\t\t<\/div>\n\t\t<\/section>\n\t\t\t\t<section class=\"elementor-section elementor-top-section elementor-element elementor-element-37232ca elementor-section-boxed elementor-section-height-default elementor-section-height-default\" data-id=\"37232ca\" data-element_type=\"section\">\n\t\t\t\t\t\t<div class=\"elementor-container elementor-column-gap-default\">\n\t\t\t\t\t<div class=\"elementor-column elementor-col-100 elementor-top-column elementor-element elementor-element-42f337e\" data-id=\"42f337e\" data-element_type=\"column\">\n\t\t\t<div class=\"elementor-widget-wrap elementor-element-populated\">\n\t\t\t\t\t\t<div class=\"elementor-element elementor-element-00f01bf elementor-widget elementor-widget-gallery\" data-id=\"00f01bf\" data-element_type=\"widget\" data-settings=\"{&quot;gallery_layout&quot;:&quot;justified&quot;,&quot;lazyload&quot;:&quot;yes&quot;,&quot;ideal_row_height&quot;:{&quot;unit&quot;:&quot;px&quot;,&quot;size&quot;:200,&quot;sizes&quot;:[]},&quot;ideal_row_height_tablet&quot;:{&quot;unit&quot;:&quot;px&quot;,&quot;size&quot;:150,&quot;sizes&quot;:[]},&quot;ideal_row_height_mobile&quot;:{&quot;unit&quot;:&quot;px&quot;,&quot;size&quot;:150,&quot;sizes&quot;:[]},&quot;gap&quot;:{&quot;unit&quot;:&quot;px&quot;,&quot;size&quot;:10,&quot;sizes&quot;:[]},&quot;gap_tablet&quot;:{&quot;unit&quot;:&quot;px&quot;,&quot;size&quot;:10,&quot;sizes&quot;:[]},&quot;gap_mobile&quot;:{&quot;unit&quot;:&quot;px&quot;,&quot;size&quot;:10,&quot;sizes&quot;:[]},&quot;link_to&quot;:&quot;file&quot;,&quot;overlay_background&quot;:&quot;yes&quot;,&quot;content_hover_animation&quot;:&quot;fade-in&quot;}\" data-widget_type=\"gallery.default\">\n\t\t\t\t<div class=\"elementor-widget-container\">\n\t\t\t\t\t\t\t<div class=\"elementor-gallery__container\">\n\t\t\t\t\t<\/div>\n\t\t\t\t\t<\/div>\n\t\t\t\t<\/div>\n\t\t\t\t\t<\/div>\n\t\t<\/div>\n\t\t\t\t\t<\/div>\n\t\t<\/section>\n\t\t\t\t<section class=\"elementor-section elementor-top-section elementor-element elementor-element-53c5f10 elementor-section-boxed elementor-section-height-default elementor-section-height-default\" data-id=\"53c5f10\" data-element_type=\"section\">\n\t\t\t\t\t\t<div class=\"elementor-container elementor-column-gap-default\">\n\t\t\t\t\t<div class=\"elementor-column elementor-col-100 elementor-top-column elementor-element elementor-element-1d1852e\" data-id=\"1d1852e\" data-element_type=\"column\">\n\t\t\t<div class=\"elementor-widget-wrap elementor-element-populated\">\n\t\t\t\t\t\t<div class=\"elementor-element elementor-element-865f5f4 elementor-grid-3 elementor-grid-tablet-2 elementor-grid-mobile-1 elementor-posts--thumbnail-top elementor-card-shadow-yes elementor-posts__hover-gradient elementor-widget elementor-widget-posts\" data-id=\"865f5f4\" data-element_type=\"widget\" data-settings=\"{&quot;pagination_type&quot;:&quot;numbers_and_prev_next&quot;,&quot;cards_columns&quot;:&quot;3&quot;,&quot;cards_columns_tablet&quot;:&quot;2&quot;,&quot;cards_columns_mobile&quot;:&quot;1&quot;,&quot;cards_row_gap&quot;:{&quot;unit&quot;:&quot;px&quot;,&quot;size&quot;:35,&quot;sizes&quot;:[]},&quot;cards_row_gap_tablet&quot;:{&quot;unit&quot;:&quot;px&quot;,&quot;size&quot;:&quot;&quot;,&quot;sizes&quot;:[]},&quot;cards_row_gap_mobile&quot;:{&quot;unit&quot;:&quot;px&quot;,&quot;size&quot;:&quot;&quot;,&quot;sizes&quot;:[]}}\" data-widget_type=\"posts.cards\">\n\t\t\t\t<div class=\"elementor-widget-container\">\n\t\t\t\t\t\t\t<div class=\"elementor-posts-container elementor-posts elementor-posts--skin-cards elementor-grid\">\n\t\t\t\t<article class=\"elementor-post elementor-grid-item post-84499 post type-post status-publish format-standard has-post-thumbnail hentry category-bez-kategorii\">\n\t\t\t<div class=\"elementor-post__card\">\n\t\t\t\t<a class=\"elementor-post__thumbnail__link\" href=\"https:\/\/quatronum.pl\/pp\/iii-konferencja-poczuj-zeby-zrozumiec\/\" tabindex=\"-1\" ><div class=\"elementor-post__thumbnail\"><img decoding=\"async\" width=\"300\" height=\"150\" src=\"https:\/\/quatronum.pl\/pp\/wp-content\/uploads\/2025\/06\/Aktualnosci-300x150.png\" class=\"attachment-medium size-medium wp-image-84381\" alt=\"\" srcset=\"https:\/\/quatronum.pl\/pp\/wp-content\/uploads\/2025\/06\/Aktualnosci-300x150.png 300w, https:\/\/quatronum.pl\/pp\/wp-content\/uploads\/2025\/06\/Aktualnosci.png 625w\" sizes=\"(max-width: 300px) 100vw, 300px\" \/><\/div><\/a>\n\t\t\t\t<div class=\"elementor-post__text\">\n\t\t\t\t<h3 class=\"elementor-post__title\">\n\t\t\t<a href=\"https:\/\/quatronum.pl\/pp\/iii-konferencja-poczuj-zeby-zrozumiec\/\" >\n\t\t\t\tIII Konferencja &#8222;Poczuj, \u017ceby zrozumie\u0107&#8221;\t\t\t<\/a>\n\t\t<\/h3>\n\t\t\t\t<div class=\"elementor-post__excerpt\">\n\t\t\t<p>III \u015al\u0105ska Konferencja \u201ePoczuj, \u017ceby zrozumie\u0107 \u2013 Transformacja pokole\u0144 \u2013 od poznawania do zrozumienia \u201dodb\u0119dzie si\u0119 20 X 2025 w godzinach 09:30 \u2013 14:00 i<\/p>\n\t\t<\/div>\n\t\t\n\t\t<a class=\"elementor-post__read-more\" href=\"https:\/\/quatronum.pl\/pp\/iii-konferencja-poczuj-zeby-zrozumiec\/\" aria-label=\"Read more about III Konferencja &#8222;Poczuj, \u017ceby zrozumie\u0107&#8221;\" tabindex=\"-1\" >\n\t\t\tWi\u0119cej \u00bb\t\t<\/a>\n\n\t\t\t\t<\/div>\n\t\t\t\t<div class=\"elementor-post__meta-data\">\n\t\t\t\t\t<span class=\"elementor-post-date\">\n\t\t\t2025-09-03\t\t<\/span>\n\t\t\t\t<\/div>\n\t\t\t\t\t<\/div>\n\t\t<\/article>\n\t\t\t\t<article class=\"elementor-post elementor-grid-item post-84376 post type-post status-publish format-standard has-post-thumbnail hentry category-bez-kategorii\">\n\t\t\t<div class=\"elementor-post__card\">\n\t\t\t\t<a class=\"elementor-post__thumbnail__link\" href=\"https:\/\/quatronum.pl\/pp\/podziekowanie\/\" tabindex=\"-1\" ><div class=\"elementor-post__thumbnail\"><img decoding=\"async\" width=\"300\" height=\"150\" src=\"https:\/\/quatronum.pl\/pp\/wp-content\/uploads\/2025\/06\/Aktualnosci-300x150.png\" class=\"attachment-medium size-medium wp-image-84381\" alt=\"\" srcset=\"https:\/\/quatronum.pl\/pp\/wp-content\/uploads\/2025\/06\/Aktualnosci-300x150.png 300w, https:\/\/quatronum.pl\/pp\/wp-content\/uploads\/2025\/06\/Aktualnosci.png 625w\" sizes=\"(max-width: 300px) 100vw, 300px\" \/><\/div><\/a>\n\t\t\t\t<div class=\"elementor-post__text\">\n\t\t\t\t<h3 class=\"elementor-post__title\">\n\t\t\t<a href=\"https:\/\/quatronum.pl\/pp\/podziekowanie\/\" >\n\t\t\t\tPodzi\u0119kowanie\t\t\t<\/a>\n\t\t<\/h3>\n\t\t\t\t<div class=\"elementor-post__excerpt\">\n\t\t\t<p>Partnerzy projektu : My Wayyy,\u00a0Wiener TU S.A.\u00a0,\u00a0Quatronum\u00a0,\u00a0Qubus Group sp. z o.o.\u00a0Kancelaria FTL D\u0142ugosz Stolarski,\u00a0Pizzeria u BATMANA oraz firma Ziaja.<\/p>\n\t\t<\/div>\n\t\t\n\t\t<a class=\"elementor-post__read-more\" href=\"https:\/\/quatronum.pl\/pp\/podziekowanie\/\" aria-label=\"Read more about Podzi\u0119kowanie\" tabindex=\"-1\" >\n\t\t\tWi\u0119cej \u00bb\t\t<\/a>\n\n\t\t\t\t<\/div>\n\t\t\t\t<div class=\"elementor-post__meta-data\">\n\t\t\t\t\t<span class=\"elementor-post-date\">\n\t\t\t2025-06-16\t\t<\/span>\n\t\t\t\t<\/div>\n\t\t\t\t\t<\/div>\n\t\t<\/article>\n\t\t\t\t<article class=\"elementor-post elementor-grid-item post-84446 post type-post status-publish format-standard has-post-thumbnail hentry category-bez-kategorii\">\n\t\t\t<div class=\"elementor-post__card\">\n\t\t\t\t<a class=\"elementor-post__thumbnail__link\" href=\"https:\/\/quatronum.pl\/pp\/uniwersytet-slaski-w-cieszynie\/\" tabindex=\"-1\" ><div class=\"elementor-post__thumbnail\"><img decoding=\"async\" width=\"300\" height=\"150\" src=\"https:\/\/quatronum.pl\/pp\/wp-content\/uploads\/2025\/06\/Aktualnosci-300x150.png\" class=\"attachment-medium size-medium wp-image-84381\" alt=\"\" srcset=\"https:\/\/quatronum.pl\/pp\/wp-content\/uploads\/2025\/06\/Aktualnosci-300x150.png 300w, https:\/\/quatronum.pl\/pp\/wp-content\/uploads\/2025\/06\/Aktualnosci.png 625w\" sizes=\"(max-width: 300px) 100vw, 300px\" \/><\/div><\/a>\n\t\t\t\t<div class=\"elementor-post__text\">\n\t\t\t\t<h3 class=\"elementor-post__title\">\n\t\t\t<a href=\"https:\/\/quatronum.pl\/pp\/uniwersytet-slaski-w-cieszynie\/\" >\n\t\t\t\tUniwersytet \u015alaski w Cieszynie\t\t\t<\/a>\n\t\t<\/h3>\n\t\t\t\t<div class=\"elementor-post__excerpt\">\n\t\t\t<p>Na zaproszenie dr Wies\u0142awa Walkowska przewodnicz\u0105cej \u015al\u0105skiej Rady Senior\u00f3w mieli\u015bmy zaszczyt i przyjemno\u015b\u0107 uczestniczy\u0107 w mi\u0119dzypokoleniowym spotkaniu na Wydziale Sztuki i Nauki o Edukacji Uniwersytet<\/p>\n\t\t<\/div>\n\t\t\n\t\t<a class=\"elementor-post__read-more\" href=\"https:\/\/quatronum.pl\/pp\/uniwersytet-slaski-w-cieszynie\/\" aria-label=\"Read more about Uniwersytet \u015alaski w Cieszynie\" tabindex=\"-1\" >\n\t\t\tWi\u0119cej \u00bb\t\t<\/a>\n\n\t\t\t\t<\/div>\n\t\t\t\t<div class=\"elementor-post__meta-data\">\n\t\t\t\t\t<span class=\"elementor-post-date\">\n\t\t\t2025-06-10\t\t<\/span>\n\t\t\t\t<\/div>\n\t\t\t\t\t<\/div>\n\t\t<\/article>\n\t\t\t\t<article class=\"elementor-post elementor-grid-item post-84456 post type-post status-publish format-standard has-post-thumbnail hentry category-bez-kategorii\">\n\t\t\t<div class=\"elementor-post__card\">\n\t\t\t\t<a class=\"elementor-post__thumbnail__link\" href=\"https:\/\/quatronum.pl\/pp\/warsztaty-w-katowicach\/\" tabindex=\"-1\" ><div class=\"elementor-post__thumbnail\"><img decoding=\"async\" width=\"300\" height=\"150\" src=\"https:\/\/quatronum.pl\/pp\/wp-content\/uploads\/2024\/10\/Aktualnosci2-300x150.png\" class=\"attachment-medium size-medium wp-image-84419\" alt=\"\" srcset=\"https:\/\/quatronum.pl\/pp\/wp-content\/uploads\/2024\/10\/Aktualnosci2-300x150.png 300w, https:\/\/quatronum.pl\/pp\/wp-content\/uploads\/2024\/10\/Aktualnosci2.png 625w\" sizes=\"(max-width: 300px) 100vw, 300px\" \/><\/div><\/a>\n\t\t\t\t<div class=\"elementor-post__text\">\n\t\t\t\t<h3 class=\"elementor-post__title\">\n\t\t\t<a href=\"https:\/\/quatronum.pl\/pp\/warsztaty-w-katowicach\/\" >\n\t\t\t\tWarsztaty w Katowicach\t\t\t<\/a>\n\t\t<\/h3>\n\t\t\t\t<div class=\"elementor-post__excerpt\">\n\t\t\t<p>Za nami kolejne warsztaty dla pracownik\u00f3w instytucji z terenu Katowic.Uczestnicy do\u015bwiadczyli na sobie, jak wygl\u0105da codzienne funkcjonowanie os\u00f3b starszych oraz os\u00f3b z niepe\u0142nosprawno\u015bciami.Podczas warsztat\u00f3w wykorzystano<\/p>\n\t\t<\/div>\n\t\t\n\t\t<a class=\"elementor-post__read-more\" href=\"https:\/\/quatronum.pl\/pp\/warsztaty-w-katowicach\/\" aria-label=\"Read more about Warsztaty w Katowicach\" tabindex=\"-1\" >\n\t\t\tWi\u0119cej \u00bb\t\t<\/a>\n\n\t\t\t\t<\/div>\n\t\t\t\t<div class=\"elementor-post__meta-data\">\n\t\t\t\t\t<span class=\"elementor-post-date\">\n\t\t\t2025-06-08\t\t<\/span>\n\t\t\t\t<\/div>\n\t\t\t\t\t<\/div>\n\t\t<\/article>\n\t\t\t\t<article class=\"elementor-post elementor-grid-item post-84465 post type-post status-publish format-standard has-post-thumbnail hentry category-bez-kategorii\">\n\t\t\t<div class=\"elementor-post__card\">\n\t\t\t\t<a class=\"elementor-post__thumbnail__link\" href=\"https:\/\/quatronum.pl\/pp\/wyjatkowe-warsztaty\/\" tabindex=\"-1\" ><div class=\"elementor-post__thumbnail\"><img decoding=\"async\" width=\"300\" height=\"150\" src=\"https:\/\/quatronum.pl\/pp\/wp-content\/uploads\/2024\/10\/Aktualnosci2-300x150.png\" class=\"attachment-medium size-medium wp-image-84419\" alt=\"\" srcset=\"https:\/\/quatronum.pl\/pp\/wp-content\/uploads\/2024\/10\/Aktualnosci2-300x150.png 300w, https:\/\/quatronum.pl\/pp\/wp-content\/uploads\/2024\/10\/Aktualnosci2.png 625w\" sizes=\"(max-width: 300px) 100vw, 300px\" \/><\/div><\/a>\n\t\t\t\t<div class=\"elementor-post__text\">\n\t\t\t\t<h3 class=\"elementor-post__title\">\n\t\t\t<a href=\"https:\/\/quatronum.pl\/pp\/wyjatkowe-warsztaty\/\" >\n\t\t\t\tWyj\u0105tkowe Warsztaty\t\t\t<\/a>\n\t\t<\/h3>\n\t\t\t\t<div class=\"elementor-post__excerpt\">\n\t\t\t<p>Wyj\u0105tkowe warsztaty.Mieli\u015bmy przyjemno\u015b\u0107 poprowadzi\u0107 warsztaty dla kadry zarz\u0105dzaj\u0105cej firmy Atalian. Menad\u017cerowie r\u00f3\u017cnych dzia\u0142\u00f3w wcielali si\u0119 w role os\u00f3b starszych oraz os\u00f3b z niepe\u0142nosprawno\u015bciami, by na<\/p>\n\t\t<\/div>\n\t\t\n\t\t<a class=\"elementor-post__read-more\" href=\"https:\/\/quatronum.pl\/pp\/wyjatkowe-warsztaty\/\" aria-label=\"Read more about Wyj\u0105tkowe Warsztaty\" tabindex=\"-1\" >\n\t\t\tWi\u0119cej \u00bb\t\t<\/a>\n\n\t\t\t\t<\/div>\n\t\t\t\t<div class=\"elementor-post__meta-data\">\n\t\t\t\t\t<span class=\"elementor-post-date\">\n\t\t\t2025-06-05\t\t<\/span>\n\t\t\t\t<\/div>\n\t\t\t\t\t<\/div>\n\t\t<\/article>\n\t\t\t\t<article class=\"elementor-post elementor-grid-item post-84472 post type-post status-publish format-standard has-post-thumbnail hentry category-bez-kategorii\">\n\t\t\t<div class=\"elementor-post__card\">\n\t\t\t\t<a class=\"elementor-post__thumbnail__link\" href=\"https:\/\/quatronum.pl\/pp\/warsztaty-w-katowicach-2\/\" tabindex=\"-1\" ><div class=\"elementor-post__thumbnail\"><img decoding=\"async\" width=\"300\" height=\"150\" src=\"https:\/\/quatronum.pl\/pp\/wp-content\/uploads\/2024\/10\/Aktualnosci2-300x150.png\" class=\"attachment-medium size-medium wp-image-84419\" alt=\"\" srcset=\"https:\/\/quatronum.pl\/pp\/wp-content\/uploads\/2024\/10\/Aktualnosci2-300x150.png 300w, https:\/\/quatronum.pl\/pp\/wp-content\/uploads\/2024\/10\/Aktualnosci2.png 625w\" sizes=\"(max-width: 300px) 100vw, 300px\" \/><\/div><\/a>\n\t\t\t\t<div class=\"elementor-post__text\">\n\t\t\t\t<h3 class=\"elementor-post__title\">\n\t\t\t<a href=\"https:\/\/quatronum.pl\/pp\/warsztaty-w-katowicach-2\/\" >\n\t\t\t\tWarsztaty w Katowicach\t\t\t<\/a>\n\t\t<\/h3>\n\t\t\t\t<div class=\"elementor-post__excerpt\">\n\t\t\t<p>Za nami warsztaty dla pracownik\u00f3w instytucji z terenu Katowic.Uczestnicy do\u015bwiadczyli na sobie, jak wygl\u0105da codzienne funkcjonowanie os\u00f3b starszych oraz os\u00f3b z niepe\u0142nosprawno\u015bciami.Po raz kolejny potwierdzi\u0142o<\/p>\n\t\t<\/div>\n\t\t\n\t\t<a class=\"elementor-post__read-more\" href=\"https:\/\/quatronum.pl\/pp\/warsztaty-w-katowicach-2\/\" aria-label=\"Read more about Warsztaty w Katowicach\" tabindex=\"-1\" >\n\t\t\tWi\u0119cej \u00bb\t\t<\/a>\n\n\t\t\t\t<\/div>\n\t\t\t\t<div class=\"elementor-post__meta-data\">\n\t\t\t\t\t<span class=\"elementor-post-date\">\n\t\t\t2025-05-31\t\t<\/span>\n\t\t\t\t<\/div>\n\t\t\t\t\t<\/div>\n\t\t<\/article>\n\t\t\t\t<article class=\"elementor-post elementor-grid-item post-84365 post type-post status-publish format-standard has-post-thumbnail hentry category-bez-kategorii\">\n\t\t\t<div class=\"elementor-post__card\">\n\t\t\t\t<a class=\"elementor-post__thumbnail__link\" href=\"https:\/\/quatronum.pl\/pp\/godnosc-osob-niepelnosprawnych\/\" tabindex=\"-1\" ><div class=\"elementor-post__thumbnail\"><img decoding=\"async\" width=\"300\" height=\"150\" src=\"https:\/\/quatronum.pl\/pp\/wp-content\/uploads\/2025\/06\/Aktualnosci-300x150.png\" class=\"attachment-medium size-medium wp-image-84381\" alt=\"\" srcset=\"https:\/\/quatronum.pl\/pp\/wp-content\/uploads\/2025\/06\/Aktualnosci-300x150.png 300w, https:\/\/quatronum.pl\/pp\/wp-content\/uploads\/2025\/06\/Aktualnosci.png 625w\" sizes=\"(max-width: 300px) 100vw, 300px\" \/><\/div><\/a>\n\t\t\t\t<div class=\"elementor-post__text\">\n\t\t\t\t<h3 class=\"elementor-post__title\">\n\t\t\t<a href=\"https:\/\/quatronum.pl\/pp\/godnosc-osob-niepelnosprawnych\/\" >\n\t\t\t\t\u201eGodno\u015b\u0107 Os\u00f3b Niepe\u0142nosprawnych\u201d\t\t\t<\/a>\n\t\t<\/h3>\n\t\t\t\t<div class=\"elementor-post__excerpt\">\n\t\t\t<p>Mieli\u015bmy przyjemno\u015b\u0107 uczestniczy\u0107 w wyj\u0105tkowym wydarzeniu po\u015bwi\u0119conym godno\u015bci os\u00f3b z niepe\u0142nosprawno\u015bciami, kt\u00f3re odby\u0142o si\u0119 z inicjatywy Powiatowego Urz\u0119du Pracy w Jaworznie w Jaworznickie Laboratorium Biznesu.Podczas<\/p>\n\t\t<\/div>\n\t\t\n\t\t<a class=\"elementor-post__read-more\" href=\"https:\/\/quatronum.pl\/pp\/godnosc-osob-niepelnosprawnych\/\" aria-label=\"Read more about \u201eGodno\u015b\u0107 Os\u00f3b Niepe\u0142nosprawnych\u201d\" tabindex=\"-1\" >\n\t\t\tWi\u0119cej \u00bb\t\t<\/a>\n\n\t\t\t\t<\/div>\n\t\t\t\t<div class=\"elementor-post__meta-data\">\n\t\t\t\t\t<span class=\"elementor-post-date\">\n\t\t\t2025-05-30\t\t<\/span>\n\t\t\t\t<\/div>\n\t\t\t\t\t<\/div>\n\t\t<\/article>\n\t\t\t\t<article class=\"elementor-post elementor-grid-item post-84482 post type-post status-publish format-standard has-post-thumbnail hentry category-bez-kategorii\">\n\t\t\t<div class=\"elementor-post__card\">\n\t\t\t\t<a class=\"elementor-post__thumbnail__link\" href=\"https:\/\/quatronum.pl\/pp\/uniwersytet-slaski-w-katowicach\/\" tabindex=\"-1\" ><div class=\"elementor-post__thumbnail\"><img decoding=\"async\" width=\"300\" height=\"150\" src=\"https:\/\/quatronum.pl\/pp\/wp-content\/uploads\/2024\/10\/Aktualnosci2-300x150.png\" class=\"attachment-medium size-medium wp-image-84419\" alt=\"\" srcset=\"https:\/\/quatronum.pl\/pp\/wp-content\/uploads\/2024\/10\/Aktualnosci2-300x150.png 300w, https:\/\/quatronum.pl\/pp\/wp-content\/uploads\/2024\/10\/Aktualnosci2.png 625w\" sizes=\"(max-width: 300px) 100vw, 300px\" \/><\/div><\/a>\n\t\t\t\t<div class=\"elementor-post__text\">\n\t\t\t\t<h3 class=\"elementor-post__title\">\n\t\t\t<a href=\"https:\/\/quatronum.pl\/pp\/uniwersytet-slaski-w-katowicach\/\" >\n\t\t\t\tUniwersytet \u015alaski w Katowicach\t\t\t<\/a>\n\t\t<\/h3>\n\t\t\t\t<div class=\"elementor-post__excerpt\">\n\t\t\t<p>Spotkanie na Uniwersytecie \u015al\u0105skim.Dwa pokoleniaR\u00f3\u017cne potrzebyR\u00f3\u017cne do\u015bwiadczeniaR\u00f3\u017cne ograniczeniaJak si\u0119 wzajemnie zrozumie\u0107?Naszym zdaniem trzeba Poczuj, \u017ceby zrozumie\u0107 , dlatego tak wa\u017cne by\u0142o spotkanie zorganizowane przez Pani\u0105<\/p>\n\t\t<\/div>\n\t\t\n\t\t<a class=\"elementor-post__read-more\" href=\"https:\/\/quatronum.pl\/pp\/uniwersytet-slaski-w-katowicach\/\" aria-label=\"Read more about Uniwersytet \u015alaski w Katowicach\" tabindex=\"-1\" >\n\t\t\tWi\u0119cej \u00bb\t\t<\/a>\n\n\t\t\t\t<\/div>\n\t\t\t\t<div class=\"elementor-post__meta-data\">\n\t\t\t\t\t<span class=\"elementor-post-date\">\n\t\t\t2025-05-28\t\t<\/span>\n\t\t\t\t<\/div>\n\t\t\t\t\t<\/div>\n\t\t<\/article>\n\t\t\t\t<article class=\"elementor-post elementor-grid-item post-84437 post type-post status-publish format-standard has-post-thumbnail hentry category-bez-kategorii\">\n\t\t\t<div class=\"elementor-post__card\">\n\t\t\t\t<a class=\"elementor-post__thumbnail__link\" href=\"https:\/\/quatronum.pl\/pp\/postaw-na-prace\/\" tabindex=\"-1\" ><div class=\"elementor-post__thumbnail\"><img decoding=\"async\" width=\"300\" height=\"150\" src=\"https:\/\/quatronum.pl\/pp\/wp-content\/uploads\/2025\/06\/Aktualnosci-300x150.png\" class=\"attachment-medium size-medium wp-image-84381\" alt=\"\" srcset=\"https:\/\/quatronum.pl\/pp\/wp-content\/uploads\/2025\/06\/Aktualnosci-300x150.png 300w, https:\/\/quatronum.pl\/pp\/wp-content\/uploads\/2025\/06\/Aktualnosci.png 625w\" sizes=\"(max-width: 300px) 100vw, 300px\" \/><\/div><\/a>\n\t\t\t\t<div class=\"elementor-post__text\">\n\t\t\t\t<h3 class=\"elementor-post__title\">\n\t\t\t<a href=\"https:\/\/quatronum.pl\/pp\/postaw-na-prace\/\" >\n\t\t\t\t\u201ePostaw na prac\u0119&#8221;\t\t\t<\/a>\n\t\t<\/h3>\n\t\t\t\t<div class=\"elementor-post__excerpt\">\n\t\t\t<p>Mieli\u015bmy zaszczyt wzi\u0105\u0107 udzia\u0142 w wydarzeniu \u201ePostaw na prac\u0119\u201d w Sosnowcu, organizowanym przez Zak\u0142ad Ubezpiecze\u0144 Spo\u0142ecznych w ramach Dni Os\u00f3b z Niepe\u0142nosprawno\u015bciami.To by\u0142 wyj\u0105tkowy dzie\u0144<\/p>\n\t\t<\/div>\n\t\t\n\t\t<a class=\"elementor-post__read-more\" href=\"https:\/\/quatronum.pl\/pp\/postaw-na-prace\/\" aria-label=\"Read more about \u201ePostaw na prac\u0119&#8221;\" tabindex=\"-1\" >\n\t\t\tWi\u0119cej \u00bb\t\t<\/a>\n\n\t\t\t\t<\/div>\n\t\t\t\t<div class=\"elementor-post__meta-data\">\n\t\t\t\t\t<span class=\"elementor-post-date\">\n\t\t\t2025-05-27\t\t<\/span>\n\t\t\t\t<\/div>\n\t\t\t\t\t<\/div>\n\t\t<\/article>\n\t\t\t\t<\/div>\n\t\t\n\t\t\t\t<div class=\"e-load-more-anchor\" data-page=\"1\" data-max-page=\"5\" data-next-page=\"https:\/\/quatronum.pl\/pp\/wp-json\/wp\/v2\/posts\/84499\/page\/2\/\"><\/div>\n\t\t\t\t<nav class=\"elementor-pagination\" aria-label=\"Pagination\">\n\t\t\t<span class=\"page-numbers prev\">&laquo; Poprzedni<\/span>\n<span aria-current=\"page\" class=\"page-numbers current\"><span class=\"elementor-screen-only\">Page<\/span>1<\/span>\n<a class=\"page-numbers\" href=\"https:\/\/quatronum.pl\/pp\/wp-json\/wp\/v2\/posts\/84499\/page\/2\/\"><span class=\"elementor-screen-only\">Page<\/span>2<\/a>\n<a class=\"page-numbers\" href=\"https:\/\/quatronum.pl\/pp\/wp-json\/wp\/v2\/posts\/84499\/page\/3\/\"><span class=\"elementor-screen-only\">Page<\/span>3<\/a>\n<a class=\"page-numbers\" href=\"https:\/\/quatronum.pl\/pp\/wp-json\/wp\/v2\/posts\/84499\/page\/4\/\"><span class=\"elementor-screen-only\">Page<\/span>4<\/a>\n<a class=\"page-numbers\" href=\"https:\/\/quatronum.pl\/pp\/wp-json\/wp\/v2\/posts\/84499\/page\/5\/\"><span class=\"elementor-screen-only\">Page<\/span>5<\/a>\n<a class=\"page-numbers next\" href=\"https:\/\/quatronum.pl\/pp\/wp-json\/wp\/v2\/posts\/84499\/page\/2\/\">Nast\u0119pny &raquo;<\/a>\t\t<\/nav>\n\t\t\t\t\t\t<\/div>\n\t\t\t\t<\/div>\n\t\t\t\t\t<\/div>\n\t\t<\/div>\n\t\t\t\t\t<\/div>\n\t\t<\/section>\n\t\t\t\t<\/div>\n\t\t","protected":false},"excerpt":{"rendered":"<p>III \u015al\u0105ska Konferencja \u201ePoczuj, \u017ceby zrozumie\u0107 \u2013 Transformacja pokole\u0144 \u2013 od poznawania do zrozumienia \u201dodb\u0119dzie si\u0119 20 X 2025 w godzinach 09:30 \u2013 14:00 i jest kierowana do: w\u0142adz miasta, naczelnik\u00f3w wydzia\u0142\u00f3w edukacji, wydzia\u0142\u00f3w zdrowia, dyrektor\u00f3w szk\u00f3\u0142, dom\u00f3w kultury, pomocy spo\u0142ecznej i innych podmiot\u00f3w pa\u0144stwowych. Tegoroczna edycja konferencji organizowana jest we wsp\u00f3\u0142pracy z: Muzeum \u015al\u0105skim,&hellip;&nbsp;<a href=\"https:\/\/quatronum.pl\/pp\/postaw-na-prace\/\" rel=\"bookmark\">Dowiedz si\u0119 wi\u0119cej &raquo;<span class=\"screen-reader-text\">\u201ePostaw na prac\u0119&#8221;<\/span><\/a><\/p>\n","protected":false},"author":2,"featured_media":84381,"comment_status":"closed","ping_status":"closed","sticky":false,"template":"","format":"standard","meta":{"neve_meta_sidebar":"","neve_meta_container":"","neve_meta_enable_content_width":"","neve_meta_content_width":0,"neve_meta_title_alignment":"","neve_meta_author_avatar":"","neve_post_elements_order":"","neve_meta_disable_header":"","neve_meta_disable_footer":"","neve_meta_disable_title":"","footnotes":""},"categories":[1],"tags":[],"class_list":["post-84499","post","type-post","status-publish","format-standard","has-post-thumbnail","hentry","category-bez-kategorii"],"_links":{"self":[{"href":"https:\/\/quatronum.pl\/pp\/wp-json\/wp\/v2\/posts\/84499","targetHints":{"allow":["GET"]}}],"collection":[{"href":"https:\/\/quatronum.pl\/pp\/wp-json\/wp\/v2\/posts"}],"about":[{"href":"https:\/\/quatronum.pl\/pp\/wp-json\/wp\/v2\/types\/post"}],"author":[{"embeddable":true,"href":"https:\/\/quatronum.pl\/pp\/wp-json\/wp\/v2\/users\/2"}],"replies":[{"embeddable":true,"href":"https:\/\/quatronum.pl\/pp\/wp-json\/wp\/v2\/comments?post=84499"}],"version-history":[{"count":7,"href":"https:\/\/quatronum.pl\/pp\/wp-json\/wp\/v2\/posts\/84499\/revisions"}],"predecessor-version":[{"id":84508,"href":"https:\/\/quatronum.pl\/pp\/wp-json\/wp\/v2\/posts\/84499\/revisions\/84508"}],"wp:featuredmedia":[{"embeddable":true,"href":"https:\/\/quatronum.pl\/pp\/wp-json\/wp\/v2\/media\/84381"}],"wp:attachment":[{"href":"https:\/\/quatronum.pl\/pp\/wp-json\/wp\/v2\/media?parent=84499"}],"wp:term":[{"taxonomy":"category","embeddable":true,"href":"https:\/\/quatronum.pl\/pp\/wp-json\/wp\/v2\/categories?post=84499"},{"taxonomy":"post_tag","embeddable":true,"href":"https:\/\/quatronum.pl\/pp\/wp-json\/wp\/v2\/tags?post=84499"}],"curies":[{"name":"wp","href":"https:\/\/api.w.org\/{rel}","templated":true}]}}