{"id":84411,"date":"2024-12-19T09:51:23","date_gmt":"2024-12-19T08:51:23","guid":{"rendered":"https:\/\/quatronum.pl\/pp\/?p=84411"},"modified":"2025-06-17T09:58:58","modified_gmt":"2025-06-17T07:58:58","slug":"edukacja-wrazliwosci-bez-granic","status":"publish","type":"post","link":"https:\/\/quatronum.pl\/pp\/edukacja-wrazliwosci-bez-granic\/","title":{"rendered":"Edukacja Wra\u017cliwo\u015bci Bez Granic"},"content":{"rendered":"\t\t<div data-elementor-type=\"wp-post\" data-elementor-id=\"84411\" class=\"elementor elementor-84411\" data-elementor-post-type=\"post\">\n\t\t\t\t\t\t<section class=\"elementor-section elementor-top-section elementor-element elementor-element-0f44954 elementor-section-boxed elementor-section-height-default elementor-section-height-default\" data-id=\"0f44954\" data-element_type=\"section\">\n\t\t\t\t\t\t<div class=\"elementor-container elementor-column-gap-default\">\n\t\t\t\t\t<div class=\"elementor-column elementor-col-100 elementor-top-column elementor-element elementor-element-9f4522d\" data-id=\"9f4522d\" data-element_type=\"column\">\n\t\t\t<div class=\"elementor-widget-wrap elementor-element-populated\">\n\t\t\t\t\t\t<div class=\"elementor-element elementor-element-6e96c1a elementor-widget elementor-widget-text-editor\" data-id=\"6e96c1a\" data-element_type=\"widget\" data-widget_type=\"text-editor.default\">\n\t\t\t\t<div class=\"elementor-widget-container\">\n\t\t\t\t\t\t\t\t\t<h3><strong>Edukacja Wra\u017cliwo\u015bci Bez Granic \u2013 Warsztaty w Areszcie \u015aledczym w Mys\u0142owicach<\/strong><\/h3><p>\u00a0\u00a0\u00a0\u00a0\u00a0\u00a0\u00a0\u00a0\u00a0\u00a0\u00a0 W ramach projektu <strong>\u201ePoczuj, \u017ceby zrozumie\u0107\u201d<\/strong> systematycznie wyznaczamy nowe kierunki, docieraj\u0105c z naszymi warsztatami tam, gdzie temat empatii i zrozumienia jest r\u00f3wnie istotny, jak w przestrzeni publicznej. Tym razem nasi edukatorzy wra\u017cliwo\u015bci <strong><a href=\"https:\/\/www.facebook.com\/daxander\">Dawid Bawor<\/a> <\/strong>i <a href=\"https:\/\/www.facebook.com\/dariusz.maliszewski.37\"><strong>Dariusz Maliszewski\u00a0<\/strong><\/a> przeprowadzili zaj\u0119cia w <a href=\"https:\/\/www.sw.gov.pl\/aktualnosc\/areszt-sledczy-myslowice-empatia-i-zrozumienie\"><strong>Areszcie \u015aledczym w Mys\u0142owicach<\/strong>,<\/a> udowadniaj\u0105c, \u017ce refleksja nad barierami, jakie napotykaj\u0105 osoby starsze i z niepe\u0142nosprawno\u015bciami, jest wa\u017cna w <u>ka\u017cdym \u015brodowisku.<\/u><\/p><p>Nasze warsztaty to nie tylko nauka o trudno\u015bciach wynikaj\u0105cych z ogranicze\u0144 ruchowych, wzrokowych czy s\u0142uchowych, ale przede wszystkim <strong>pr\u00f3ba zmiany perspektywy i budowania wi\u0119kszej wra\u017cliwo\u015bci spo\u0142ecznej<\/strong>. Uczestnicy aresztu mieli okazj\u0119 do\u015bwiadczy\u0107 tych wyzwa\u0144 na w\u0142asnej sk\u00f3rze, co sta\u0142o si\u0119 punktem wyj\u015bcia do g\u0142\u0119bszych refleksji i rozm\u00f3w.<\/p><p><strong>Prze\u0142amywanie stereotyp\u00f3w i rozwijanie empatii to proces, kt\u00f3ry nie zna granic.<\/strong> Dzi\u0119kujemy <strong>pracownikom i uczestnikom<\/strong> za otwarto\u015b\u0107 oraz aktywny udzia\u0142 \u2013 ka\u017cda taka inicjatywa to krok w stron\u0119 bardziej \u015bwiadomego i wra\u017cliwego spo\u0142ecze\u0144stwa.<\/p>\t\t\t\t\t\t\t\t<\/div>\n\t\t\t\t<\/div>\n\t\t\t\t\t<\/div>\n\t\t<\/div>\n\t\t\t\t\t<\/div>\n\t\t<\/section>\n\t\t\t\t<section class=\"elementor-section elementor-top-section elementor-element elementor-element-36934ba1 elementor-section-boxed elementor-section-height-default elementor-section-height-default\" data-id=\"36934ba1\" data-element_type=\"section\">\n\t\t\t\t\t\t<div class=\"elementor-container elementor-column-gap-default\">\n\t\t\t\t\t<div class=\"elementor-column elementor-col-50 elementor-top-column elementor-element elementor-element-45a7e778\" data-id=\"45a7e778\" data-element_type=\"column\">\n\t\t\t<div class=\"elementor-widget-wrap elementor-element-populated\">\n\t\t\t\t\t\t<div class=\"elementor-element elementor-element-c2687a4 elementor-widget elementor-widget-image\" data-id=\"c2687a4\" data-element_type=\"widget\" data-widget_type=\"image.default\">\n\t\t\t\t<div class=\"elementor-widget-container\">\n\t\t\t\t\t\t\t\t\t\t\t\t\t\t\t<img fetchpriority=\"high\" decoding=\"async\" width=\"1024\" height=\"768\" src=\"https:\/\/quatronum.pl\/pp\/wp-content\/uploads\/2024\/12\/areszt-1-1024x768.jpg\" class=\"attachment-large size-large wp-image-84413\" alt=\"\" srcset=\"https:\/\/quatronum.pl\/pp\/wp-content\/uploads\/2024\/12\/areszt-1-1024x768.jpg 1024w, https:\/\/quatronum.pl\/pp\/wp-content\/uploads\/2024\/12\/areszt-1-300x225.jpg 300w, https:\/\/quatronum.pl\/pp\/wp-content\/uploads\/2024\/12\/areszt-1-768x576.jpg 768w, https:\/\/quatronum.pl\/pp\/wp-content\/uploads\/2024\/12\/areszt-1-1536x1152.jpg 1536w, https:\/\/quatronum.pl\/pp\/wp-content\/uploads\/2024\/12\/areszt-1.jpg 2048w\" sizes=\"(max-width: 1024px) 100vw, 1024px\" \/>\t\t\t\t\t\t\t\t\t\t\t\t\t\t\t<\/div>\n\t\t\t\t<\/div>\n\t\t\t\t<div class=\"elementor-element elementor-element-3ad8ece8 elementor-widget__width-initial elementor-widget elementor-widget-text-editor\" data-id=\"3ad8ece8\" data-element_type=\"widget\" data-widget_type=\"text-editor.default\">\n\t\t\t\t<div class=\"elementor-widget-container\">\n\t\t\t\t\t\t\t\t\t<p><a style=\"font-family: var( --e-global-typography-text-font-family ), Sans-serif; font-weight: var( --e-global-typography-text-font-weight ); background-color: var(--nv-site-bg); font-size: var(--bodyfontsize); letter-spacing: var(--bodyletterspacing); text-transform: var(--bodytexttransform);\" href=\"https:\/\/us.edu.pl\/\" target=\"_blank\" rel=\"noopener\">Partnerzy projektu<\/a> :<br \/><a href=\"https:\/\/www.facebook.com\/MyWayyyMW\">My Wayyy<\/a>,\u00a0<a style=\"font-family: var( --e-global-typography-text-font-family ), Sans-serif; font-weight: var( --e-global-typography-text-font-weight ); background-color: var(--nv-site-bg); font-size: var(--bodyfontsize); letter-spacing: var(--bodyletterspacing); text-transform: var(--bodytexttransform);\" href=\"https:\/\/wiener.pl\/\" target=\"_blank\" rel=\"noopener\">Wiener TU S.A.<\/a>\u00a0,\u00a0<a style=\"font-family: var( --e-global-typography-text-font-family ), Sans-serif; font-weight: var( --e-global-typography-text-font-weight ); background-color: var(--nv-site-bg); font-size: var(--bodyfontsize); letter-spacing: var(--bodyletterspacing); text-transform: var(--bodytexttransform);\" href=\"https:\/\/quatronum.pl\/\" target=\"_blank\" rel=\"noopener\">Quatronum<\/a>\u00a0,\u00a0<a style=\"font-family: var( --e-global-typography-text-font-family ), Sans-serif; font-weight: var( --e-global-typography-text-font-weight ); background-color: var(--nv-site-bg); font-size: var(--bodyfontsize); letter-spacing: var(--bodyletterspacing); text-transform: var(--bodytexttransform);\" href=\"http:\/\/qubusgroup.com.pl\" target=\"_blank\" rel=\"noopener\">Qubus Group sp. z o.o.<\/a>\u00a0<a href=\"https:\/\/www.ftl.pl\/\">Kancelaria FTL D\u0142ugosz Stolarski,<\/a><a href=\"https:\/\/pizzeriaubatmana.pl\/\">Pizzeria u BATMANA<\/a> oraz <a href=\"https:\/\/ziaja.com\/\">firma Ziaja.<\/a><\/p>\t\t\t\t\t\t\t\t<\/div>\n\t\t\t\t<\/div>\n\t\t\t\t\t<\/div>\n\t\t<\/div>\n\t\t\t\t<div class=\"elementor-column elementor-col-50 elementor-top-column elementor-element elementor-element-7a9cbe9\" data-id=\"7a9cbe9\" data-element_type=\"column\">\n\t\t\t<div class=\"elementor-widget-wrap elementor-element-populated\">\n\t\t\t\t\t\t<div class=\"elementor-element elementor-element-09b34e6 elementor-widget elementor-widget-image\" data-id=\"09b34e6\" data-element_type=\"widget\" data-widget_type=\"image.default\">\n\t\t\t\t<div class=\"elementor-widget-container\">\n\t\t\t\t\t\t\t\t\t\t\t\t\t\t\t<img decoding=\"async\" width=\"1024\" height=\"768\" src=\"https:\/\/quatronum.pl\/pp\/wp-content\/uploads\/2024\/12\/areszt-2-1024x768.jpg\" class=\"attachment-large size-large wp-image-84414\" alt=\"\" srcset=\"https:\/\/quatronum.pl\/pp\/wp-content\/uploads\/2024\/12\/areszt-2-1024x768.jpg 1024w, https:\/\/quatronum.pl\/pp\/wp-content\/uploads\/2024\/12\/areszt-2-300x225.jpg 300w, https:\/\/quatronum.pl\/pp\/wp-content\/uploads\/2024\/12\/areszt-2-768x576.jpg 768w, https:\/\/quatronum.pl\/pp\/wp-content\/uploads\/2024\/12\/areszt-2-1536x1152.jpg 1536w, https:\/\/quatronum.pl\/pp\/wp-content\/uploads\/2024\/12\/areszt-2.jpg 2048w\" sizes=\"(max-width: 1024px) 100vw, 1024px\" \/>\t\t\t\t\t\t\t\t\t\t\t\t\t\t\t<\/div>\n\t\t\t\t<\/div>\n\t\t\t\t\t<\/div>\n\t\t<\/div>\n\t\t\t\t\t<\/div>\n\t\t<\/section>\n\t\t\t\t<section class=\"elementor-section elementor-top-section elementor-element elementor-element-37232ca elementor-section-boxed elementor-section-height-default elementor-section-height-default\" data-id=\"37232ca\" data-element_type=\"section\">\n\t\t\t\t\t\t<div class=\"elementor-container elementor-column-gap-default\">\n\t\t\t\t\t<div class=\"elementor-column elementor-col-100 elementor-top-column elementor-element elementor-element-42f337e\" data-id=\"42f337e\" data-element_type=\"column\">\n\t\t\t<div class=\"elementor-widget-wrap elementor-element-populated\">\n\t\t\t\t\t\t<div class=\"elementor-element elementor-element-00f01bf elementor-widget elementor-widget-gallery\" data-id=\"00f01bf\" data-element_type=\"widget\" data-settings=\"{&quot;gallery_layout&quot;:&quot;justified&quot;,&quot;lazyload&quot;:&quot;yes&quot;,&quot;ideal_row_height&quot;:{&quot;unit&quot;:&quot;px&quot;,&quot;size&quot;:200,&quot;sizes&quot;:[]},&quot;ideal_row_height_tablet&quot;:{&quot;unit&quot;:&quot;px&quot;,&quot;size&quot;:150,&quot;sizes&quot;:[]},&quot;ideal_row_height_mobile&quot;:{&quot;unit&quot;:&quot;px&quot;,&quot;size&quot;:150,&quot;sizes&quot;:[]},&quot;gap&quot;:{&quot;unit&quot;:&quot;px&quot;,&quot;size&quot;:10,&quot;sizes&quot;:[]},&quot;gap_tablet&quot;:{&quot;unit&quot;:&quot;px&quot;,&quot;size&quot;:10,&quot;sizes&quot;:[]},&quot;gap_mobile&quot;:{&quot;unit&quot;:&quot;px&quot;,&quot;size&quot;:10,&quot;sizes&quot;:[]},&quot;link_to&quot;:&quot;file&quot;,&quot;overlay_background&quot;:&quot;yes&quot;,&quot;content_hover_animation&quot;:&quot;fade-in&quot;}\" data-widget_type=\"gallery.default\">\n\t\t\t\t<div class=\"elementor-widget-container\">\n\t\t\t\t\t\t\t<div class=\"elementor-gallery__container\">\n\t\t\t\t\t<\/div>\n\t\t\t\t\t<\/div>\n\t\t\t\t<\/div>\n\t\t\t\t\t<\/div>\n\t\t<\/div>\n\t\t\t\t\t<\/div>\n\t\t<\/section>\n\t\t\t\t<section class=\"elementor-section elementor-top-section elementor-element elementor-element-53c5f10 elementor-section-boxed elementor-section-height-default elementor-section-height-default\" data-id=\"53c5f10\" data-element_type=\"section\">\n\t\t\t\t\t\t<div class=\"elementor-container elementor-column-gap-default\">\n\t\t\t\t\t<div class=\"elementor-column elementor-col-100 elementor-top-column elementor-element elementor-element-1d1852e\" data-id=\"1d1852e\" data-element_type=\"column\">\n\t\t\t<div class=\"elementor-widget-wrap elementor-element-populated\">\n\t\t\t\t\t\t<div class=\"elementor-element elementor-element-865f5f4 elementor-grid-3 elementor-grid-tablet-2 elementor-grid-mobile-1 elementor-posts--thumbnail-top elementor-card-shadow-yes elementor-posts__hover-gradient elementor-widget elementor-widget-posts\" data-id=\"865f5f4\" data-element_type=\"widget\" data-settings=\"{&quot;pagination_type&quot;:&quot;numbers_and_prev_next&quot;,&quot;cards_columns&quot;:&quot;3&quot;,&quot;cards_columns_tablet&quot;:&quot;2&quot;,&quot;cards_columns_mobile&quot;:&quot;1&quot;,&quot;cards_row_gap&quot;:{&quot;unit&quot;:&quot;px&quot;,&quot;size&quot;:35,&quot;sizes&quot;:[]},&quot;cards_row_gap_tablet&quot;:{&quot;unit&quot;:&quot;px&quot;,&quot;size&quot;:&quot;&quot;,&quot;sizes&quot;:[]},&quot;cards_row_gap_mobile&quot;:{&quot;unit&quot;:&quot;px&quot;,&quot;size&quot;:&quot;&quot;,&quot;sizes&quot;:[]}}\" data-widget_type=\"posts.cards\">\n\t\t\t\t<div class=\"elementor-widget-container\">\n\t\t\t\t\t\t\t<div class=\"elementor-posts-container elementor-posts elementor-posts--skin-cards elementor-grid\">\n\t\t\t\t<article class=\"elementor-post elementor-grid-item post-84499 post type-post status-publish format-standard has-post-thumbnail hentry category-bez-kategorii\">\n\t\t\t<div class=\"elementor-post__card\">\n\t\t\t\t<a class=\"elementor-post__thumbnail__link\" href=\"https:\/\/quatronum.pl\/pp\/iii-konferencja-poczuj-zeby-zrozumiec\/\" tabindex=\"-1\" ><div class=\"elementor-post__thumbnail\"><img decoding=\"async\" width=\"300\" height=\"150\" src=\"https:\/\/quatronum.pl\/pp\/wp-content\/uploads\/2025\/06\/Aktualnosci-300x150.png\" class=\"attachment-medium size-medium wp-image-84381\" alt=\"\" srcset=\"https:\/\/quatronum.pl\/pp\/wp-content\/uploads\/2025\/06\/Aktualnosci-300x150.png 300w, https:\/\/quatronum.pl\/pp\/wp-content\/uploads\/2025\/06\/Aktualnosci.png 625w\" sizes=\"(max-width: 300px) 100vw, 300px\" \/><\/div><\/a>\n\t\t\t\t<div class=\"elementor-post__text\">\n\t\t\t\t<h3 class=\"elementor-post__title\">\n\t\t\t<a href=\"https:\/\/quatronum.pl\/pp\/iii-konferencja-poczuj-zeby-zrozumiec\/\" >\n\t\t\t\tIII Konferencja &#8222;Poczuj, \u017ceby zrozumie\u0107&#8221;\t\t\t<\/a>\n\t\t<\/h3>\n\t\t\t\t<div class=\"elementor-post__excerpt\">\n\t\t\t<p>III \u015al\u0105ska Konferencja \u201ePoczuj, \u017ceby zrozumie\u0107 \u2013 Transformacja pokole\u0144 \u2013 od poznawania do zrozumienia \u201dodb\u0119dzie si\u0119 20 X 2025 w godzinach 09:30 \u2013 14:00 i<\/p>\n\t\t<\/div>\n\t\t\n\t\t<a class=\"elementor-post__read-more\" href=\"https:\/\/quatronum.pl\/pp\/iii-konferencja-poczuj-zeby-zrozumiec\/\" aria-label=\"Read more about III Konferencja &#8222;Poczuj, \u017ceby zrozumie\u0107&#8221;\" tabindex=\"-1\" >\n\t\t\tWi\u0119cej \u00bb\t\t<\/a>\n\n\t\t\t\t<\/div>\n\t\t\t\t<div class=\"elementor-post__meta-data\">\n\t\t\t\t\t<span class=\"elementor-post-date\">\n\t\t\t2025-09-03\t\t<\/span>\n\t\t\t\t<\/div>\n\t\t\t\t\t<\/div>\n\t\t<\/article>\n\t\t\t\t<article class=\"elementor-post elementor-grid-item post-84376 post type-post status-publish format-standard has-post-thumbnail hentry category-bez-kategorii\">\n\t\t\t<div class=\"elementor-post__card\">\n\t\t\t\t<a class=\"elementor-post__thumbnail__link\" href=\"https:\/\/quatronum.pl\/pp\/podziekowanie\/\" tabindex=\"-1\" ><div class=\"elementor-post__thumbnail\"><img decoding=\"async\" width=\"300\" height=\"150\" src=\"https:\/\/quatronum.pl\/pp\/wp-content\/uploads\/2025\/06\/Aktualnosci-300x150.png\" class=\"attachment-medium size-medium wp-image-84381\" alt=\"\" srcset=\"https:\/\/quatronum.pl\/pp\/wp-content\/uploads\/2025\/06\/Aktualnosci-300x150.png 300w, https:\/\/quatronum.pl\/pp\/wp-content\/uploads\/2025\/06\/Aktualnosci.png 625w\" sizes=\"(max-width: 300px) 100vw, 300px\" \/><\/div><\/a>\n\t\t\t\t<div class=\"elementor-post__text\">\n\t\t\t\t<h3 class=\"elementor-post__title\">\n\t\t\t<a href=\"https:\/\/quatronum.pl\/pp\/podziekowanie\/\" >\n\t\t\t\tPodzi\u0119kowanie\t\t\t<\/a>\n\t\t<\/h3>\n\t\t\t\t<div class=\"elementor-post__excerpt\">\n\t\t\t<p>Partnerzy projektu : My Wayyy,\u00a0Wiener TU S.A.\u00a0,\u00a0Quatronum\u00a0,\u00a0Qubus Group sp. z o.o.\u00a0Kancelaria FTL D\u0142ugosz Stolarski,\u00a0Pizzeria u BATMANA oraz firma Ziaja.<\/p>\n\t\t<\/div>\n\t\t\n\t\t<a class=\"elementor-post__read-more\" href=\"https:\/\/quatronum.pl\/pp\/podziekowanie\/\" aria-label=\"Read more about Podzi\u0119kowanie\" tabindex=\"-1\" >\n\t\t\tWi\u0119cej \u00bb\t\t<\/a>\n\n\t\t\t\t<\/div>\n\t\t\t\t<div class=\"elementor-post__meta-data\">\n\t\t\t\t\t<span class=\"elementor-post-date\">\n\t\t\t2025-06-16\t\t<\/span>\n\t\t\t\t<\/div>\n\t\t\t\t\t<\/div>\n\t\t<\/article>\n\t\t\t\t<article class=\"elementor-post elementor-grid-item post-84446 post type-post status-publish format-standard has-post-thumbnail hentry category-bez-kategorii\">\n\t\t\t<div class=\"elementor-post__card\">\n\t\t\t\t<a class=\"elementor-post__thumbnail__link\" href=\"https:\/\/quatronum.pl\/pp\/uniwersytet-slaski-w-cieszynie\/\" tabindex=\"-1\" ><div class=\"elementor-post__thumbnail\"><img decoding=\"async\" width=\"300\" height=\"150\" src=\"https:\/\/quatronum.pl\/pp\/wp-content\/uploads\/2025\/06\/Aktualnosci-300x150.png\" class=\"attachment-medium size-medium wp-image-84381\" alt=\"\" srcset=\"https:\/\/quatronum.pl\/pp\/wp-content\/uploads\/2025\/06\/Aktualnosci-300x150.png 300w, https:\/\/quatronum.pl\/pp\/wp-content\/uploads\/2025\/06\/Aktualnosci.png 625w\" sizes=\"(max-width: 300px) 100vw, 300px\" \/><\/div><\/a>\n\t\t\t\t<div class=\"elementor-post__text\">\n\t\t\t\t<h3 class=\"elementor-post__title\">\n\t\t\t<a href=\"https:\/\/quatronum.pl\/pp\/uniwersytet-slaski-w-cieszynie\/\" >\n\t\t\t\tUniwersytet \u015alaski w Cieszynie\t\t\t<\/a>\n\t\t<\/h3>\n\t\t\t\t<div class=\"elementor-post__excerpt\">\n\t\t\t<p>Na zaproszenie dr Wies\u0142awa Walkowska przewodnicz\u0105cej \u015al\u0105skiej Rady Senior\u00f3w mieli\u015bmy zaszczyt i przyjemno\u015b\u0107 uczestniczy\u0107 w mi\u0119dzypokoleniowym spotkaniu na Wydziale Sztuki i Nauki o Edukacji Uniwersytet<\/p>\n\t\t<\/div>\n\t\t\n\t\t<a class=\"elementor-post__read-more\" href=\"https:\/\/quatronum.pl\/pp\/uniwersytet-slaski-w-cieszynie\/\" aria-label=\"Read more about Uniwersytet \u015alaski w Cieszynie\" tabindex=\"-1\" >\n\t\t\tWi\u0119cej \u00bb\t\t<\/a>\n\n\t\t\t\t<\/div>\n\t\t\t\t<div class=\"elementor-post__meta-data\">\n\t\t\t\t\t<span class=\"elementor-post-date\">\n\t\t\t2025-06-10\t\t<\/span>\n\t\t\t\t<\/div>\n\t\t\t\t\t<\/div>\n\t\t<\/article>\n\t\t\t\t<article class=\"elementor-post elementor-grid-item post-84456 post type-post status-publish format-standard has-post-thumbnail hentry category-bez-kategorii\">\n\t\t\t<div class=\"elementor-post__card\">\n\t\t\t\t<a class=\"elementor-post__thumbnail__link\" href=\"https:\/\/quatronum.pl\/pp\/warsztaty-w-katowicach\/\" tabindex=\"-1\" ><div class=\"elementor-post__thumbnail\"><img loading=\"lazy\" decoding=\"async\" width=\"300\" height=\"150\" src=\"https:\/\/quatronum.pl\/pp\/wp-content\/uploads\/2024\/10\/Aktualnosci2-300x150.png\" class=\"attachment-medium size-medium wp-image-84419\" alt=\"\" srcset=\"https:\/\/quatronum.pl\/pp\/wp-content\/uploads\/2024\/10\/Aktualnosci2-300x150.png 300w, https:\/\/quatronum.pl\/pp\/wp-content\/uploads\/2024\/10\/Aktualnosci2.png 625w\" sizes=\"(max-width: 300px) 100vw, 300px\" \/><\/div><\/a>\n\t\t\t\t<div class=\"elementor-post__text\">\n\t\t\t\t<h3 class=\"elementor-post__title\">\n\t\t\t<a href=\"https:\/\/quatronum.pl\/pp\/warsztaty-w-katowicach\/\" >\n\t\t\t\tWarsztaty w Katowicach\t\t\t<\/a>\n\t\t<\/h3>\n\t\t\t\t<div class=\"elementor-post__excerpt\">\n\t\t\t<p>Za nami kolejne warsztaty dla pracownik\u00f3w instytucji z terenu Katowic.Uczestnicy do\u015bwiadczyli na sobie, jak wygl\u0105da codzienne funkcjonowanie os\u00f3b starszych oraz os\u00f3b z niepe\u0142nosprawno\u015bciami.Podczas warsztat\u00f3w wykorzystano<\/p>\n\t\t<\/div>\n\t\t\n\t\t<a class=\"elementor-post__read-more\" href=\"https:\/\/quatronum.pl\/pp\/warsztaty-w-katowicach\/\" aria-label=\"Read more about Warsztaty w Katowicach\" tabindex=\"-1\" >\n\t\t\tWi\u0119cej \u00bb\t\t<\/a>\n\n\t\t\t\t<\/div>\n\t\t\t\t<div class=\"elementor-post__meta-data\">\n\t\t\t\t\t<span class=\"elementor-post-date\">\n\t\t\t2025-06-08\t\t<\/span>\n\t\t\t\t<\/div>\n\t\t\t\t\t<\/div>\n\t\t<\/article>\n\t\t\t\t<article class=\"elementor-post elementor-grid-item post-84465 post type-post status-publish format-standard has-post-thumbnail hentry category-bez-kategorii\">\n\t\t\t<div class=\"elementor-post__card\">\n\t\t\t\t<a class=\"elementor-post__thumbnail__link\" href=\"https:\/\/quatronum.pl\/pp\/wyjatkowe-warsztaty\/\" tabindex=\"-1\" ><div class=\"elementor-post__thumbnail\"><img loading=\"lazy\" decoding=\"async\" width=\"300\" height=\"150\" src=\"https:\/\/quatronum.pl\/pp\/wp-content\/uploads\/2024\/10\/Aktualnosci2-300x150.png\" class=\"attachment-medium size-medium wp-image-84419\" alt=\"\" srcset=\"https:\/\/quatronum.pl\/pp\/wp-content\/uploads\/2024\/10\/Aktualnosci2-300x150.png 300w, https:\/\/quatronum.pl\/pp\/wp-content\/uploads\/2024\/10\/Aktualnosci2.png 625w\" sizes=\"(max-width: 300px) 100vw, 300px\" \/><\/div><\/a>\n\t\t\t\t<div class=\"elementor-post__text\">\n\t\t\t\t<h3 class=\"elementor-post__title\">\n\t\t\t<a href=\"https:\/\/quatronum.pl\/pp\/wyjatkowe-warsztaty\/\" >\n\t\t\t\tWyj\u0105tkowe Warsztaty\t\t\t<\/a>\n\t\t<\/h3>\n\t\t\t\t<div class=\"elementor-post__excerpt\">\n\t\t\t<p>Wyj\u0105tkowe warsztaty.Mieli\u015bmy przyjemno\u015b\u0107 poprowadzi\u0107 warsztaty dla kadry zarz\u0105dzaj\u0105cej firmy Atalian. Menad\u017cerowie r\u00f3\u017cnych dzia\u0142\u00f3w wcielali si\u0119 w role os\u00f3b starszych oraz os\u00f3b z niepe\u0142nosprawno\u015bciami, by na<\/p>\n\t\t<\/div>\n\t\t\n\t\t<a class=\"elementor-post__read-more\" href=\"https:\/\/quatronum.pl\/pp\/wyjatkowe-warsztaty\/\" aria-label=\"Read more about Wyj\u0105tkowe Warsztaty\" tabindex=\"-1\" >\n\t\t\tWi\u0119cej \u00bb\t\t<\/a>\n\n\t\t\t\t<\/div>\n\t\t\t\t<div class=\"elementor-post__meta-data\">\n\t\t\t\t\t<span class=\"elementor-post-date\">\n\t\t\t2025-06-05\t\t<\/span>\n\t\t\t\t<\/div>\n\t\t\t\t\t<\/div>\n\t\t<\/article>\n\t\t\t\t<article class=\"elementor-post elementor-grid-item post-84472 post type-post status-publish format-standard has-post-thumbnail hentry category-bez-kategorii\">\n\t\t\t<div class=\"elementor-post__card\">\n\t\t\t\t<a class=\"elementor-post__thumbnail__link\" href=\"https:\/\/quatronum.pl\/pp\/warsztaty-w-katowicach-2\/\" tabindex=\"-1\" ><div class=\"elementor-post__thumbnail\"><img loading=\"lazy\" decoding=\"async\" width=\"300\" height=\"150\" src=\"https:\/\/quatronum.pl\/pp\/wp-content\/uploads\/2024\/10\/Aktualnosci2-300x150.png\" class=\"attachment-medium size-medium wp-image-84419\" alt=\"\" srcset=\"https:\/\/quatronum.pl\/pp\/wp-content\/uploads\/2024\/10\/Aktualnosci2-300x150.png 300w, https:\/\/quatronum.pl\/pp\/wp-content\/uploads\/2024\/10\/Aktualnosci2.png 625w\" sizes=\"(max-width: 300px) 100vw, 300px\" \/><\/div><\/a>\n\t\t\t\t<div class=\"elementor-post__text\">\n\t\t\t\t<h3 class=\"elementor-post__title\">\n\t\t\t<a href=\"https:\/\/quatronum.pl\/pp\/warsztaty-w-katowicach-2\/\" >\n\t\t\t\tWarsztaty w Katowicach\t\t\t<\/a>\n\t\t<\/h3>\n\t\t\t\t<div class=\"elementor-post__excerpt\">\n\t\t\t<p>Za nami warsztaty dla pracownik\u00f3w instytucji z terenu Katowic.Uczestnicy do\u015bwiadczyli na sobie, jak wygl\u0105da codzienne funkcjonowanie os\u00f3b starszych oraz os\u00f3b z niepe\u0142nosprawno\u015bciami.Po raz kolejny potwierdzi\u0142o<\/p>\n\t\t<\/div>\n\t\t\n\t\t<a class=\"elementor-post__read-more\" href=\"https:\/\/quatronum.pl\/pp\/warsztaty-w-katowicach-2\/\" aria-label=\"Read more about Warsztaty w Katowicach\" tabindex=\"-1\" >\n\t\t\tWi\u0119cej \u00bb\t\t<\/a>\n\n\t\t\t\t<\/div>\n\t\t\t\t<div class=\"elementor-post__meta-data\">\n\t\t\t\t\t<span class=\"elementor-post-date\">\n\t\t\t2025-05-31\t\t<\/span>\n\t\t\t\t<\/div>\n\t\t\t\t\t<\/div>\n\t\t<\/article>\n\t\t\t\t<article class=\"elementor-post elementor-grid-item post-84365 post type-post status-publish format-standard has-post-thumbnail hentry category-bez-kategorii\">\n\t\t\t<div class=\"elementor-post__card\">\n\t\t\t\t<a class=\"elementor-post__thumbnail__link\" href=\"https:\/\/quatronum.pl\/pp\/godnosc-osob-niepelnosprawnych\/\" tabindex=\"-1\" ><div class=\"elementor-post__thumbnail\"><img decoding=\"async\" width=\"300\" height=\"150\" src=\"https:\/\/quatronum.pl\/pp\/wp-content\/uploads\/2025\/06\/Aktualnosci-300x150.png\" class=\"attachment-medium size-medium wp-image-84381\" alt=\"\" srcset=\"https:\/\/quatronum.pl\/pp\/wp-content\/uploads\/2025\/06\/Aktualnosci-300x150.png 300w, https:\/\/quatronum.pl\/pp\/wp-content\/uploads\/2025\/06\/Aktualnosci.png 625w\" sizes=\"(max-width: 300px) 100vw, 300px\" \/><\/div><\/a>\n\t\t\t\t<div class=\"elementor-post__text\">\n\t\t\t\t<h3 class=\"elementor-post__title\">\n\t\t\t<a href=\"https:\/\/quatronum.pl\/pp\/godnosc-osob-niepelnosprawnych\/\" >\n\t\t\t\t\u201eGodno\u015b\u0107 Os\u00f3b Niepe\u0142nosprawnych\u201d\t\t\t<\/a>\n\t\t<\/h3>\n\t\t\t\t<div class=\"elementor-post__excerpt\">\n\t\t\t<p>Mieli\u015bmy przyjemno\u015b\u0107 uczestniczy\u0107 w wyj\u0105tkowym wydarzeniu po\u015bwi\u0119conym godno\u015bci os\u00f3b z niepe\u0142nosprawno\u015bciami, kt\u00f3re odby\u0142o si\u0119 z inicjatywy Powiatowego Urz\u0119du Pracy w Jaworznie w Jaworznickie Laboratorium Biznesu.Podczas<\/p>\n\t\t<\/div>\n\t\t\n\t\t<a class=\"elementor-post__read-more\" href=\"https:\/\/quatronum.pl\/pp\/godnosc-osob-niepelnosprawnych\/\" aria-label=\"Read more about \u201eGodno\u015b\u0107 Os\u00f3b Niepe\u0142nosprawnych\u201d\" tabindex=\"-1\" >\n\t\t\tWi\u0119cej \u00bb\t\t<\/a>\n\n\t\t\t\t<\/div>\n\t\t\t\t<div class=\"elementor-post__meta-data\">\n\t\t\t\t\t<span class=\"elementor-post-date\">\n\t\t\t2025-05-30\t\t<\/span>\n\t\t\t\t<\/div>\n\t\t\t\t\t<\/div>\n\t\t<\/article>\n\t\t\t\t<article class=\"elementor-post elementor-grid-item post-84482 post type-post status-publish format-standard has-post-thumbnail hentry category-bez-kategorii\">\n\t\t\t<div class=\"elementor-post__card\">\n\t\t\t\t<a class=\"elementor-post__thumbnail__link\" href=\"https:\/\/quatronum.pl\/pp\/uniwersytet-slaski-w-katowicach\/\" tabindex=\"-1\" ><div class=\"elementor-post__thumbnail\"><img loading=\"lazy\" decoding=\"async\" width=\"300\" height=\"150\" src=\"https:\/\/quatronum.pl\/pp\/wp-content\/uploads\/2024\/10\/Aktualnosci2-300x150.png\" class=\"attachment-medium size-medium wp-image-84419\" alt=\"\" srcset=\"https:\/\/quatronum.pl\/pp\/wp-content\/uploads\/2024\/10\/Aktualnosci2-300x150.png 300w, https:\/\/quatronum.pl\/pp\/wp-content\/uploads\/2024\/10\/Aktualnosci2.png 625w\" sizes=\"(max-width: 300px) 100vw, 300px\" \/><\/div><\/a>\n\t\t\t\t<div class=\"elementor-post__text\">\n\t\t\t\t<h3 class=\"elementor-post__title\">\n\t\t\t<a href=\"https:\/\/quatronum.pl\/pp\/uniwersytet-slaski-w-katowicach\/\" >\n\t\t\t\tUniwersytet \u015alaski w Katowicach\t\t\t<\/a>\n\t\t<\/h3>\n\t\t\t\t<div class=\"elementor-post__excerpt\">\n\t\t\t<p>Spotkanie na Uniwersytecie \u015al\u0105skim.Dwa pokoleniaR\u00f3\u017cne potrzebyR\u00f3\u017cne do\u015bwiadczeniaR\u00f3\u017cne ograniczeniaJak si\u0119 wzajemnie zrozumie\u0107?Naszym zdaniem trzeba Poczuj, \u017ceby zrozumie\u0107 , dlatego tak wa\u017cne by\u0142o spotkanie zorganizowane przez Pani\u0105<\/p>\n\t\t<\/div>\n\t\t\n\t\t<a class=\"elementor-post__read-more\" href=\"https:\/\/quatronum.pl\/pp\/uniwersytet-slaski-w-katowicach\/\" aria-label=\"Read more about Uniwersytet \u015alaski w Katowicach\" tabindex=\"-1\" >\n\t\t\tWi\u0119cej \u00bb\t\t<\/a>\n\n\t\t\t\t<\/div>\n\t\t\t\t<div class=\"elementor-post__meta-data\">\n\t\t\t\t\t<span class=\"elementor-post-date\">\n\t\t\t2025-05-28\t\t<\/span>\n\t\t\t\t<\/div>\n\t\t\t\t\t<\/div>\n\t\t<\/article>\n\t\t\t\t<article class=\"elementor-post elementor-grid-item post-84437 post type-post status-publish format-standard has-post-thumbnail hentry category-bez-kategorii\">\n\t\t\t<div class=\"elementor-post__card\">\n\t\t\t\t<a class=\"elementor-post__thumbnail__link\" href=\"https:\/\/quatronum.pl\/pp\/postaw-na-prace\/\" tabindex=\"-1\" ><div class=\"elementor-post__thumbnail\"><img decoding=\"async\" width=\"300\" height=\"150\" src=\"https:\/\/quatronum.pl\/pp\/wp-content\/uploads\/2025\/06\/Aktualnosci-300x150.png\" class=\"attachment-medium size-medium wp-image-84381\" alt=\"\" srcset=\"https:\/\/quatronum.pl\/pp\/wp-content\/uploads\/2025\/06\/Aktualnosci-300x150.png 300w, https:\/\/quatronum.pl\/pp\/wp-content\/uploads\/2025\/06\/Aktualnosci.png 625w\" sizes=\"(max-width: 300px) 100vw, 300px\" \/><\/div><\/a>\n\t\t\t\t<div class=\"elementor-post__text\">\n\t\t\t\t<h3 class=\"elementor-post__title\">\n\t\t\t<a href=\"https:\/\/quatronum.pl\/pp\/postaw-na-prace\/\" >\n\t\t\t\t\u201ePostaw na prac\u0119&#8221;\t\t\t<\/a>\n\t\t<\/h3>\n\t\t\t\t<div class=\"elementor-post__excerpt\">\n\t\t\t<p>Mieli\u015bmy zaszczyt wzi\u0105\u0107 udzia\u0142 w wydarzeniu \u201ePostaw na prac\u0119\u201d w Sosnowcu, organizowanym przez Zak\u0142ad Ubezpiecze\u0144 Spo\u0142ecznych w ramach Dni Os\u00f3b z Niepe\u0142nosprawno\u015bciami.To by\u0142 wyj\u0105tkowy dzie\u0144<\/p>\n\t\t<\/div>\n\t\t\n\t\t<a class=\"elementor-post__read-more\" href=\"https:\/\/quatronum.pl\/pp\/postaw-na-prace\/\" aria-label=\"Read more about \u201ePostaw na prac\u0119&#8221;\" tabindex=\"-1\" >\n\t\t\tWi\u0119cej \u00bb\t\t<\/a>\n\n\t\t\t\t<\/div>\n\t\t\t\t<div class=\"elementor-post__meta-data\">\n\t\t\t\t\t<span class=\"elementor-post-date\">\n\t\t\t2025-05-27\t\t<\/span>\n\t\t\t\t<\/div>\n\t\t\t\t\t<\/div>\n\t\t<\/article>\n\t\t\t\t<\/div>\n\t\t\n\t\t\t\t<div class=\"e-load-more-anchor\" data-page=\"1\" data-max-page=\"5\" data-next-page=\"https:\/\/quatronum.pl\/pp\/wp-json\/wp\/v2\/posts\/84411\/page\/2\/\"><\/div>\n\t\t\t\t<nav class=\"elementor-pagination\" aria-label=\"Pagination\">\n\t\t\t<span class=\"page-numbers prev\">&laquo; Poprzedni<\/span>\n<span aria-current=\"page\" class=\"page-numbers current\"><span class=\"elementor-screen-only\">Page<\/span>1<\/span>\n<a class=\"page-numbers\" href=\"https:\/\/quatronum.pl\/pp\/wp-json\/wp\/v2\/posts\/84411\/page\/2\/\"><span class=\"elementor-screen-only\">Page<\/span>2<\/a>\n<a class=\"page-numbers\" href=\"https:\/\/quatronum.pl\/pp\/wp-json\/wp\/v2\/posts\/84411\/page\/3\/\"><span class=\"elementor-screen-only\">Page<\/span>3<\/a>\n<a class=\"page-numbers\" href=\"https:\/\/quatronum.pl\/pp\/wp-json\/wp\/v2\/posts\/84411\/page\/4\/\"><span class=\"elementor-screen-only\">Page<\/span>4<\/a>\n<a class=\"page-numbers\" href=\"https:\/\/quatronum.pl\/pp\/wp-json\/wp\/v2\/posts\/84411\/page\/5\/\"><span class=\"elementor-screen-only\">Page<\/span>5<\/a>\n<a class=\"page-numbers next\" href=\"https:\/\/quatronum.pl\/pp\/wp-json\/wp\/v2\/posts\/84411\/page\/2\/\">Nast\u0119pny &raquo;<\/a>\t\t<\/nav>\n\t\t\t\t\t\t<\/div>\n\t\t\t\t<\/div>\n\t\t\t\t\t<\/div>\n\t\t<\/div>\n\t\t\t\t\t<\/div>\n\t\t<\/section>\n\t\t\t\t<\/div>\n\t\t","protected":false},"excerpt":{"rendered":"<p>Edukacja Wra\u017cliwo\u015bci Bez Granic \u2013 Warsztaty w Areszcie \u015aledczym w Mys\u0142owicach \u00a0\u00a0\u00a0\u00a0\u00a0\u00a0\u00a0\u00a0\u00a0\u00a0\u00a0 W ramach projektu \u201ePoczuj, \u017ceby zrozumie\u0107\u201d systematycznie wyznaczamy nowe kierunki, docieraj\u0105c z naszymi warsztatami tam, gdzie temat empatii i zrozumienia jest r\u00f3wnie istotny, jak w przestrzeni publicznej. Tym razem nasi edukatorzy wra\u017cliwo\u015bci Dawid Bawor i Dariusz Maliszewski\u00a0 przeprowadzili zaj\u0119cia w Areszcie \u015aledczym w&hellip;&nbsp;<a href=\"https:\/\/quatronum.pl\/pp\/postaw-na-prace\/\" rel=\"bookmark\">Dowiedz si\u0119 wi\u0119cej &raquo;<span class=\"screen-reader-text\">\u201ePostaw na prac\u0119&#8221;<\/span><\/a><\/p>\n","protected":false},"author":2,"featured_media":84381,"comment_status":"closed","ping_status":"closed","sticky":false,"template":"","format":"standard","meta":{"neve_meta_sidebar":"","neve_meta_container":"","neve_meta_enable_content_width":"","neve_meta_content_width":0,"neve_meta_title_alignment":"","neve_meta_author_avatar":"","neve_post_elements_order":"","neve_meta_disable_header":"","neve_meta_disable_footer":"","neve_meta_disable_title":"","footnotes":""},"categories":[1],"tags":[],"class_list":["post-84411","post","type-post","status-publish","format-standard","has-post-thumbnail","hentry","category-bez-kategorii"],"_links":{"self":[{"href":"https:\/\/quatronum.pl\/pp\/wp-json\/wp\/v2\/posts\/84411","targetHints":{"allow":["GET"]}}],"collection":[{"href":"https:\/\/quatronum.pl\/pp\/wp-json\/wp\/v2\/posts"}],"about":[{"href":"https:\/\/quatronum.pl\/pp\/wp-json\/wp\/v2\/types\/post"}],"author":[{"embeddable":true,"href":"https:\/\/quatronum.pl\/pp\/wp-json\/wp\/v2\/users\/2"}],"replies":[{"embeddable":true,"href":"https:\/\/quatronum.pl\/pp\/wp-json\/wp\/v2\/comments?post=84411"}],"version-history":[{"count":4,"href":"https:\/\/quatronum.pl\/pp\/wp-json\/wp\/v2\/posts\/84411\/revisions"}],"predecessor-version":[{"id":84417,"href":"https:\/\/quatronum.pl\/pp\/wp-json\/wp\/v2\/posts\/84411\/revisions\/84417"}],"wp:featuredmedia":[{"embeddable":true,"href":"https:\/\/quatronum.pl\/pp\/wp-json\/wp\/v2\/media\/84381"}],"wp:attachment":[{"href":"https:\/\/quatronum.pl\/pp\/wp-json\/wp\/v2\/media?parent=84411"}],"wp:term":[{"taxonomy":"category","embeddable":true,"href":"https:\/\/quatronum.pl\/pp\/wp-json\/wp\/v2\/categories?post=84411"},{"taxonomy":"post_tag","embeddable":true,"href":"https:\/\/quatronum.pl\/pp\/wp-json\/wp\/v2\/tags?post=84411"}],"curies":[{"name":"wp","href":"https:\/\/api.w.org\/{rel}","templated":true}]}}